{"id":4943,"date":"2026-04-28T08:38:28","date_gmt":"2026-04-28T07:38:28","guid":{"rendered":"https:\/\/vrtec-litija.si\/ribica\/?p=4943"},"modified":"2026-04-28T08:48:06","modified_gmt":"2026-04-28T07:48:06","slug":"dan-vrtca-v-znamenju-medgeneracijskega-povezovanja","status":"publish","type":"post","link":"https:\/\/vrtec-litija.si\/ribica\/uncategorized\/dan-vrtca-v-znamenju-medgeneracijskega-povezovanja\/","title":{"rendered":"Dan vrtca v znamenju medgeneracijskega povezovanja"},"content":{"rendered":"\t\t<div data-elementor-type=\"wp-post\" data-elementor-id=\"4943\" class=\"elementor elementor-4943\">\n\t\t\t\t\t\t<div class=\"elementor-inner\">\n\t\t\t\t<div class=\"elementor-section-wrap\">\n\t\t\t\t\t\t\t\t\t<section class=\"elementor-section elementor-top-section elementor-element elementor-element-259eef97 elementor-section-boxed elementor-section-height-default elementor-section-height-default\" data-id=\"259eef97\" data-element_type=\"section\">\n\t\t\t\t\t\t<div class=\"elementor-container elementor-column-gap-default\">\n\t\t\t\t\t\t\t<div class=\"elementor-row\">\n\t\t\t\t\t<div class=\"elementor-column elementor-col-100 elementor-top-column elementor-element elementor-element-789d3b19\" data-id=\"789d3b19\" data-element_type=\"column\">\n\t\t\t<div class=\"elementor-column-wrap elementor-element-populated\">\n\t\t\t\t\t\t\t<div class=\"elementor-widget-wrap\">\n\t\t\t\t\t\t<div class=\"elementor-element elementor-element-5fc22241 elementor-widget elementor-widget-text-editor\" data-id=\"5fc22241\" data-element_type=\"widget\" data-widget_type=\"text-editor.default\">\n\t\t\t\t<div class=\"elementor-widget-container\">\n\t\t\t\t\t\t\t\t<div class=\"elementor-text-editor elementor-clearfix\">\n\t\t\t\t<!-- wp:paragraph -->\n<p>Na leto\u0161njem praznovanju Dneva vrtca smo v enoti Ribica posebno pozornost namenili medgeneracijskemu sodelovanju. K sodelovanju smo povabili stanovalce in zaposlene Doma Tisje &#8211; Enota Litija, s katerimi skozi leto ustvarjamo \u0161tevilne prijetne skupne trenutke.<\/p>\n<!-- \/wp:paragraph -->\n\n<!-- wp:paragraph -->\n<p>Skupaj smo pripravili nastop, v katerem smo predstavili del\u010dek na\u0161ih skupnih aktivnosti: od dru\u017eenja, ustvarjanja, do toplih pogovorov, ki bogatijo tako otroke kot starej\u0161e. Nastop je bil pre\u017eet z veseljem, iskrenostjo in medsebojno povezanostjo, kar je navdu\u0161ilo tudi ob\u010dinstvo.<\/p>\n<!-- \/wp:paragraph -->\n\n<!-- wp:paragraph -->\n<p>Dogodek smo zaklju\u010dili s spro\u0161\u010denim dru\u017eenjem v vrtcu ob torti in soku, kjer smo \u0161e dodatno utrdili vezi, ki jih gradimo skozi leto.<\/p>\n<!-- \/wp:paragraph -->\n\n<!-- wp:paragraph -->\n<p>Tovrstno sodelovanje nas vse neizmerno bogati. Otroci ob tem razvijajo spo\u0161tovanje, empatijo in razumevanje do starej\u0161ih, starej\u0161i pa ob dru\u017eenju z otroki znova za\u010dutijo igrivost, radost in ob\u010dutek pripadnosti. Skupaj tako ustvarjamo mostove med generacijami, ki nas povezujejo in plemenitijo.<\/p>\n<!-- \/wp:paragraph -->\n\n<!-- wp:paragraph {\"align\":\"right\"} -->\n<p class=\"has-text-align-right\">Melita Murnc, vzgojiteljica za zgodnjo obravnavo<\/p>\n<!-- \/wp:paragraph -->\t\t\t\t\t<\/div>\n\t\t\t\t\t\t<\/div>\n\t\t\t\t<\/div>\n\t\t\t\t<div class=\"elementor-element elementor-element-c2d72eb elementor-widget elementor-widget-gallery\" data-id=\"c2d72eb\" data-element_type=\"widget\" data-settings=\"{&quot;columns&quot;:3,&quot;lazyload&quot;:&quot;yes&quot;,&quot;gallery_layout&quot;:&quot;grid&quot;,&quot;columns_tablet&quot;:2,&quot;columns_mobile&quot;:1,&quot;gap&quot;:{&quot;unit&quot;:&quot;px&quot;,&quot;size&quot;:10,&quot;sizes&quot;:[]},&quot;gap_tablet&quot;:{&quot;unit&quot;:&quot;px&quot;,&quot;size&quot;:10,&quot;sizes&quot;:[]},&quot;gap_mobile&quot;:{&quot;unit&quot;:&quot;px&quot;,&quot;size&quot;:10,&quot;sizes&quot;:[]},&quot;link_to&quot;:&quot;file&quot;,&quot;aspect_ratio&quot;:&quot;3:2&quot;,&quot;overlay_background&quot;:&quot;yes&quot;,&quot;content_hover_animation&quot;:&quot;fade-in&quot;}\" data-widget_type=\"gallery.default\">\n\t\t\t\t<div class=\"elementor-widget-container\">\n\t\t\t\t\t<div class=\"elementor-gallery__container\">\n\t\t\t\t\t\t\t<a class=\"e-gallery-item elementor-gallery-item elementor-animated-content\" href=\"https:\/\/vrtec-litija.si\/ribica\/wp-content\/uploads\/sites\/9\/2026\/04\/Dom-Tisje0-scaled.jpg\" data-elementor-open-lightbox=\"yes\" data-elementor-lightbox-slideshow=\"all-c2d72eb\" data-elementor-lightbox-title=\"Dom Tisje0\" data-e-action-hash=\"#elementor-action%3Aaction%3Dlightbox%26settings%3DeyJpZCI6NDk0NSwidXJsIjoiaHR0cHM6XC9cL3ZydGVjLWxpdGlqYS5zaVwvcmliaWNhXC93cC1jb250ZW50XC91cGxvYWRzXC9zaXRlc1wvOVwvMjAyNlwvMDRcL0RvbS1UaXNqZTAtc2NhbGVkLmpwZyIsInNsaWRlc2hvdyI6ImFsbC1jMmQ3MmViIn0%3D\">\n\t\t\t\t\t<div class=\"e-gallery-image elementor-gallery-item__image\" data-thumbnail=\"https:\/\/vrtec-litija.si\/ribica\/wp-content\/uploads\/sites\/9\/2026\/04\/Dom-Tisje0-300x119.jpg\" data-width=\"300\" data-height=\"119\" alt=\"\" ><\/div>\n\t\t\t\t\t\t\t\t\t\t\t<div class=\"elementor-gallery-item__overlay\"><\/div>\n\t\t\t\t\t\t\t\t\t\t\t\t\t\t<\/a>\n\t\t\t\t\t\t\t<a class=\"e-gallery-item elementor-gallery-item elementor-animated-content\" href=\"https:\/\/vrtec-litija.si\/ribica\/wp-content\/uploads\/sites\/9\/2026\/04\/Dom-Tisje1-scaled.jpg\" data-elementor-open-lightbox=\"yes\" data-elementor-lightbox-slideshow=\"all-c2d72eb\" data-elementor-lightbox-title=\"Dom Tisje1\" data-e-action-hash=\"#elementor-action%3Aaction%3Dlightbox%26settings%3DeyJpZCI6NDk0NiwidXJsIjoiaHR0cHM6XC9cL3ZydGVjLWxpdGlqYS5zaVwvcmliaWNhXC93cC1jb250ZW50XC91cGxvYWRzXC9zaXRlc1wvOVwvMjAyNlwvMDRcL0RvbS1UaXNqZTEtc2NhbGVkLmpwZyIsInNsaWRlc2hvdyI6ImFsbC1jMmQ3MmViIn0%3D\">\n\t\t\t\t\t<div class=\"e-gallery-image elementor-gallery-item__image\" data-thumbnail=\"https:\/\/vrtec-litija.si\/ribica\/wp-content\/uploads\/sites\/9\/2026\/04\/Dom-Tisje1-300x200.jpg\" data-width=\"300\" data-height=\"200\" alt=\"\" ><\/div>\n\t\t\t\t\t\t\t\t\t\t\t<div class=\"elementor-gallery-item__overlay\"><\/div>\n\t\t\t\t\t\t\t\t\t\t\t\t\t\t<\/a>\n\t\t\t\t\t\t\t<a class=\"e-gallery-item elementor-gallery-item elementor-animated-content\" href=\"https:\/\/vrtec-litija.si\/ribica\/wp-content\/uploads\/sites\/9\/2026\/04\/Dom-Tisje3-scaled.jpg\" data-elementor-open-lightbox=\"yes\" data-elementor-lightbox-slideshow=\"all-c2d72eb\" data-elementor-lightbox-title=\"Dom Tisje3\" data-e-action-hash=\"#elementor-action%3Aaction%3Dlightbox%26settings%3DeyJpZCI6NDk0OSwidXJsIjoiaHR0cHM6XC9cL3ZydGVjLWxpdGlqYS5zaVwvcmliaWNhXC93cC1jb250ZW50XC91cGxvYWRzXC9zaXRlc1wvOVwvMjAyNlwvMDRcL0RvbS1UaXNqZTMtc2NhbGVkLmpwZyIsInNsaWRlc2hvdyI6ImFsbC1jMmQ3MmViIn0%3D\">\n\t\t\t\t\t<div class=\"e-gallery-image elementor-gallery-item__image\" data-thumbnail=\"https:\/\/vrtec-litija.si\/ribica\/wp-content\/uploads\/sites\/9\/2026\/04\/Dom-Tisje3-300x200.jpg\" data-width=\"300\" data-height=\"200\" alt=\"\" ><\/div>\n\t\t\t\t\t\t\t\t\t\t\t<div class=\"elementor-gallery-item__overlay\"><\/div>\n\t\t\t\t\t\t\t\t\t\t\t\t\t\t<\/a>\n\t\t\t\t\t\t\t<a class=\"e-gallery-item elementor-gallery-item elementor-animated-content\" href=\"https:\/\/vrtec-litija.si\/ribica\/wp-content\/uploads\/sites\/9\/2026\/04\/DOm-Tisje5-scaled.jpg\" data-elementor-open-lightbox=\"yes\" data-elementor-lightbox-slideshow=\"all-c2d72eb\" data-elementor-lightbox-title=\"DOm Tisje5\" data-e-action-hash=\"#elementor-action%3Aaction%3Dlightbox%26settings%3DeyJpZCI6NDk1MSwidXJsIjoiaHR0cHM6XC9cL3ZydGVjLWxpdGlqYS5zaVwvcmliaWNhXC93cC1jb250ZW50XC91cGxvYWRzXC9zaXRlc1wvOVwvMjAyNlwvMDRcL0RPbS1UaXNqZTUtc2NhbGVkLmpwZyIsInNsaWRlc2hvdyI6ImFsbC1jMmQ3MmViIn0%3D\">\n\t\t\t\t\t<div class=\"e-gallery-image elementor-gallery-item__image\" data-thumbnail=\"https:\/\/vrtec-litija.si\/ribica\/wp-content\/uploads\/sites\/9\/2026\/04\/DOm-Tisje5-300x200.jpg\" data-width=\"300\" data-height=\"200\" alt=\"\" ><\/div>\n\t\t\t\t\t\t\t\t\t\t\t<div class=\"elementor-gallery-item__overlay\"><\/div>\n\t\t\t\t\t\t\t\t\t\t\t\t\t\t<\/a>\n\t\t\t\t\t\t\t<a class=\"e-gallery-item elementor-gallery-item elementor-animated-content\" href=\"https:\/\/vrtec-litija.si\/ribica\/wp-content\/uploads\/sites\/9\/2026\/04\/DOm-Tisje4-scaled.jpg\" data-elementor-open-lightbox=\"yes\" data-elementor-lightbox-slideshow=\"all-c2d72eb\" data-elementor-lightbox-title=\"DOm Tisje4\" data-e-action-hash=\"#elementor-action%3Aaction%3Dlightbox%26settings%3DeyJpZCI6NDk1MCwidXJsIjoiaHR0cHM6XC9cL3ZydGVjLWxpdGlqYS5zaVwvcmliaWNhXC93cC1jb250ZW50XC91cGxvYWRzXC9zaXRlc1wvOVwvMjAyNlwvMDRcL0RPbS1UaXNqZTQtc2NhbGVkLmpwZyIsInNsaWRlc2hvdyI6ImFsbC1jMmQ3MmViIn0%3D\">\n\t\t\t\t\t<div class=\"e-gallery-image elementor-gallery-item__image\" data-thumbnail=\"https:\/\/vrtec-litija.si\/ribica\/wp-content\/uploads\/sites\/9\/2026\/04\/DOm-Tisje4-300x200.jpg\" data-width=\"300\" data-height=\"200\" alt=\"\" ><\/div>\n\t\t\t\t\t\t\t\t\t\t\t<div class=\"elementor-gallery-item__overlay\"><\/div>\n\t\t\t\t\t\t\t\t\t\t\t\t\t\t<\/a>\n\t\t\t\t\t\t\t<a class=\"e-gallery-item elementor-gallery-item elementor-animated-content\" href=\"https:\/\/vrtec-litija.si\/ribica\/wp-content\/uploads\/sites\/9\/2026\/04\/DOm-Tisje2.jpg\" data-elementor-open-lightbox=\"yes\" data-elementor-lightbox-slideshow=\"all-c2d72eb\" data-elementor-lightbox-title=\"DOm Tisje2\" data-e-action-hash=\"#elementor-action%3Aaction%3Dlightbox%26settings%3DeyJpZCI6NDk0NywidXJsIjoiaHR0cHM6XC9cL3ZydGVjLWxpdGlqYS5zaVwvcmliaWNhXC93cC1jb250ZW50XC91cGxvYWRzXC9zaXRlc1wvOVwvMjAyNlwvMDRcL0RPbS1UaXNqZTIuanBnIiwic2xpZGVzaG93IjoiYWxsLWMyZDcyZWIifQ%3D%3D\">\n\t\t\t\t\t<div class=\"e-gallery-image elementor-gallery-item__image\" data-thumbnail=\"https:\/\/vrtec-litija.si\/ribica\/wp-content\/uploads\/sites\/9\/2026\/04\/DOm-Tisje2-300x225.jpg\" data-width=\"300\" data-height=\"225\" alt=\"\" ><\/div>\n\t\t\t\t\t\t\t\t\t\t\t<div class=\"elementor-gallery-item__overlay\"><\/div>\n\t\t\t\t\t\t\t\t\t\t\t\t\t\t<\/a>\n\t\t\t\t\t<\/div>\n\t\t\t<\/div>\n\t\t\t\t<\/div>\n\t\t\t\t\t\t<\/div>\n\t\t\t\t\t<\/div>\n\t\t<\/div>\n\t\t\t\t\t\t\t\t<\/div>\n\t\t\t\t\t<\/div>\n\t\t<\/section>\n\t\t\t\t\t\t\t\t\t<\/div>\n\t\t\t<\/div>\n\t\t\t\t\t<\/div>\n\t\t","protected":false},"excerpt":{"rendered":"Na leto\u0161njem praznovanju Dneva vrtca smo v enoti Ribica posebno pozornost namenili medgeneracijskemu sodelovanju. K sodelovanju smo povabili stanovalce in zaposlene Doma Tisje &#8211; Enota Litija, s katerimi skozi leto ustvarjamo \u0161tevilne prijetne skupne trenutke. Skupaj smo pripravili nastop, v katerem smo predstavili del\u010dek na\u0161ih skupnih aktivnosti: od dru\u017eenja, ustvarjanja, do toplih pogovorov, ki bogatijo &#8230;","protected":false},"author":5,"featured_media":0,"comment_status":"open","ping_status":"open","sticky":false,"template":"","format":"standard","meta":[],"categories":[1],"tags":[],"yoast_head":"<!-- This site is optimized with the Yoast SEO plugin v20.6 - https:\/\/yoast.com\/wordpress\/plugins\/seo\/ -->\n<title>Dan vrtca v znamenju medgeneracijskega povezovanja - Enota Ribica<\/title>\n<meta name=\"robots\" content=\"index, follow, max-snippet:-1, max-image-preview:large, max-video-preview:-1\" \/>\n<link rel=\"canonical\" href=\"https:\/\/vrtec-litija.si\/ribica\/uncategorized\/dan-vrtca-v-znamenju-medgeneracijskega-povezovanja\/\" \/>\n<meta property=\"og:locale\" content=\"sl_SI\" \/>\n<meta property=\"og:type\" content=\"article\" \/>\n<meta property=\"og:title\" content=\"Dan vrtca v znamenju medgeneracijskega povezovanja - Enota Ribica\" \/>\n<meta property=\"og:description\" content=\"Na leto\u0161njem praznovanju Dneva vrtca smo v enoti Ribica posebno pozornost namenili medgeneracijskemu sodelovanju. K sodelovanju smo povabili stanovalce in zaposlene Doma Tisje &#8211; Enota Litija, s katerimi skozi leto ustvarjamo \u0161tevilne prijetne skupne trenutke. Skupaj smo pripravili nastop, v katerem smo predstavili del\u010dek na\u0161ih skupnih aktivnosti: od dru\u017eenja, ustvarjanja, do toplih pogovorov, ki bogatijo ...\" \/>\n<meta property=\"og:url\" content=\"https:\/\/vrtec-litija.si\/ribica\/uncategorized\/dan-vrtca-v-znamenju-medgeneracijskega-povezovanja\/\" \/>\n<meta property=\"og:site_name\" content=\"Enota Ribica\" \/>\n<meta property=\"article:published_time\" content=\"2026-04-28T07:38:28+00:00\" \/>\n<meta property=\"article:modified_time\" content=\"2026-04-28T07:48:06+00:00\" \/>\n<meta name=\"author\" content=\"lili\" \/>\n<meta name=\"twitter:card\" content=\"summary_large_image\" \/>\n<meta name=\"twitter:label1\" content=\"Written by\" \/>\n\t<meta name=\"twitter:data1\" content=\"lili\" \/>\n\t<meta name=\"twitter:label2\" content=\"Est. reading time\" \/>\n\t<meta name=\"twitter:data2\" content=\"1 minuta\" \/>\n<script type=\"application\/ld+json\" class=\"yoast-schema-graph\">{\"@context\":\"https:\/\/schema.org\",\"@graph\":[{\"@type\":\"Article\",\"@id\":\"https:\/\/vrtec-litija.si\/ribica\/uncategorized\/dan-vrtca-v-znamenju-medgeneracijskega-povezovanja\/#article\",\"isPartOf\":{\"@id\":\"https:\/\/vrtec-litija.si\/ribica\/uncategorized\/dan-vrtca-v-znamenju-medgeneracijskega-povezovanja\/\"},\"author\":{\"name\":\"lili\",\"@id\":\"https:\/\/vrtec-litija.si\/ribica\/#\/schema\/person\/7384f74aac2217bdec8ceda4a6979179\"},\"headline\":\"Dan vrtca v znamenju medgeneracijskega povezovanja\",\"datePublished\":\"2026-04-28T07:38:28+00:00\",\"dateModified\":\"2026-04-28T07:48:06+00:00\",\"mainEntityOfPage\":{\"@id\":\"https:\/\/vrtec-litija.si\/ribica\/uncategorized\/dan-vrtca-v-znamenju-medgeneracijskega-povezovanja\/\"},\"wordCount\":166,\"commentCount\":0,\"publisher\":{\"@id\":\"https:\/\/vrtec-litija.si\/ribica\/#organization\"},\"articleSection\":[\"Uncategorized\"],\"inLanguage\":\"sl-SI\",\"potentialAction\":[{\"@type\":\"CommentAction\",\"name\":\"Comment\",\"target\":[\"https:\/\/vrtec-litija.si\/ribica\/uncategorized\/dan-vrtca-v-znamenju-medgeneracijskega-povezovanja\/#respond\"]}]},{\"@type\":\"WebPage\",\"@id\":\"https:\/\/vrtec-litija.si\/ribica\/uncategorized\/dan-vrtca-v-znamenju-medgeneracijskega-povezovanja\/\",\"url\":\"https:\/\/vrtec-litija.si\/ribica\/uncategorized\/dan-vrtca-v-znamenju-medgeneracijskega-povezovanja\/\",\"name\":\"Dan vrtca v znamenju medgeneracijskega povezovanja - Enota Ribica\",\"isPartOf\":{\"@id\":\"https:\/\/vrtec-litija.si\/ribica\/#website\"},\"datePublished\":\"2026-04-28T07:38:28+00:00\",\"dateModified\":\"2026-04-28T07:48:06+00:00\",\"breadcrumb\":{\"@id\":\"https:\/\/vrtec-litija.si\/ribica\/uncategorized\/dan-vrtca-v-znamenju-medgeneracijskega-povezovanja\/#breadcrumb\"},\"inLanguage\":\"sl-SI\",\"potentialAction\":[{\"@type\":\"ReadAction\",\"target\":[\"https:\/\/vrtec-litija.si\/ribica\/uncategorized\/dan-vrtca-v-znamenju-medgeneracijskega-povezovanja\/\"]}]},{\"@type\":\"BreadcrumbList\",\"@id\":\"https:\/\/vrtec-litija.si\/ribica\/uncategorized\/dan-vrtca-v-znamenju-medgeneracijskega-povezovanja\/#breadcrumb\",\"itemListElement\":[{\"@type\":\"ListItem\",\"position\":1,\"name\":\"Uncategorized\",\"item\":\"https:\/\/vrtec-litija.si\/ribica\/category\/uncategorized\/\"},{\"@type\":\"ListItem\",\"position\":2,\"name\":\"Dan vrtca v znamenju medgeneracijskega povezovanja\"}]},{\"@type\":\"WebSite\",\"@id\":\"https:\/\/vrtec-litija.si\/ribica\/#website\",\"url\":\"https:\/\/vrtec-litija.si\/ribica\/\",\"name\":\"Enota Ribica\",\"description\":\"Vrtec Litija Ribica\",\"publisher\":{\"@id\":\"https:\/\/vrtec-litija.si\/ribica\/#organization\"},\"potentialAction\":[{\"@type\":\"SearchAction\",\"target\":{\"@type\":\"EntryPoint\",\"urlTemplate\":\"https:\/\/vrtec-litija.si\/ribica\/?s={search_term_string}\"},\"query-input\":\"required name=search_term_string\"}],\"inLanguage\":\"sl-SI\"},{\"@type\":\"Organization\",\"@id\":\"https:\/\/vrtec-litija.si\/ribica\/#organization\",\"name\":\"Vrtec Litija - Enota Ribica\",\"url\":\"https:\/\/vrtec-litija.si\/ribica\/\",\"logo\":{\"@type\":\"ImageObject\",\"inLanguage\":\"sl-SI\",\"@id\":\"https:\/\/vrtec-litija.si\/ribica\/#\/schema\/logo\/image\/\",\"url\":\"https:\/\/vrtec-litija.si\/ribica\/wp-content\/uploads\/sites\/9\/2021\/01\/vrtec-litija-logo.png\",\"contentUrl\":\"https:\/\/vrtec-litija.si\/ribica\/wp-content\/uploads\/sites\/9\/2021\/01\/vrtec-litija-logo.png\",\"width\":300,\"height\":298,\"caption\":\"Vrtec Litija - Enota Ribica\"},\"image\":{\"@id\":\"https:\/\/vrtec-litija.si\/ribica\/#\/schema\/logo\/image\/\"}},{\"@type\":\"Person\",\"@id\":\"https:\/\/vrtec-litija.si\/ribica\/#\/schema\/person\/7384f74aac2217bdec8ceda4a6979179\",\"name\":\"lili\",\"image\":{\"@type\":\"ImageObject\",\"inLanguage\":\"sl-SI\",\"@id\":\"https:\/\/vrtec-litija.si\/ribica\/#\/schema\/person\/image\/\",\"url\":\"https:\/\/secure.gravatar.com\/avatar\/9cf7165b98198daa2da9c8364c942526?s=96&d=mm&r=g\",\"contentUrl\":\"https:\/\/secure.gravatar.com\/avatar\/9cf7165b98198daa2da9c8364c942526?s=96&d=mm&r=g\",\"caption\":\"lili\"},\"url\":\"https:\/\/vrtec-litija.si\/ribica\/author\/lili\/\"}]}<\/script>\n<!-- \/ Yoast SEO plugin. -->","yoast_head_json":{"title":"Dan vrtca v znamenju medgeneracijskega povezovanja - Enota Ribica","robots":{"index":"index","follow":"follow","max-snippet":"max-snippet:-1","max-image-preview":"max-image-preview:large","max-video-preview":"max-video-preview:-1"},"canonical":"https:\/\/vrtec-litija.si\/ribica\/uncategorized\/dan-vrtca-v-znamenju-medgeneracijskega-povezovanja\/","og_locale":"sl_SI","og_type":"article","og_title":"Dan vrtca v znamenju medgeneracijskega povezovanja - Enota Ribica","og_description":"Na leto\u0161njem praznovanju Dneva vrtca smo v enoti Ribica posebno pozornost namenili medgeneracijskemu sodelovanju. K sodelovanju smo povabili stanovalce in zaposlene Doma Tisje &#8211; Enota Litija, s katerimi skozi leto ustvarjamo \u0161tevilne prijetne skupne trenutke. Skupaj smo pripravili nastop, v katerem smo predstavili del\u010dek na\u0161ih skupnih aktivnosti: od dru\u017eenja, ustvarjanja, do toplih pogovorov, ki bogatijo ...","og_url":"https:\/\/vrtec-litija.si\/ribica\/uncategorized\/dan-vrtca-v-znamenju-medgeneracijskega-povezovanja\/","og_site_name":"Enota Ribica","article_published_time":"2026-04-28T07:38:28+00:00","article_modified_time":"2026-04-28T07:48:06+00:00","author":"lili","twitter_card":"summary_large_image","twitter_misc":{"Written by":"lili","Est. reading time":"1 minuta"},"schema":{"@context":"https:\/\/schema.org","@graph":[{"@type":"Article","@id":"https:\/\/vrtec-litija.si\/ribica\/uncategorized\/dan-vrtca-v-znamenju-medgeneracijskega-povezovanja\/#article","isPartOf":{"@id":"https:\/\/vrtec-litija.si\/ribica\/uncategorized\/dan-vrtca-v-znamenju-medgeneracijskega-povezovanja\/"},"author":{"name":"lili","@id":"https:\/\/vrtec-litija.si\/ribica\/#\/schema\/person\/7384f74aac2217bdec8ceda4a6979179"},"headline":"Dan vrtca v znamenju medgeneracijskega povezovanja","datePublished":"2026-04-28T07:38:28+00:00","dateModified":"2026-04-28T07:48:06+00:00","mainEntityOfPage":{"@id":"https:\/\/vrtec-litija.si\/ribica\/uncategorized\/dan-vrtca-v-znamenju-medgeneracijskega-povezovanja\/"},"wordCount":166,"commentCount":0,"publisher":{"@id":"https:\/\/vrtec-litija.si\/ribica\/#organization"},"articleSection":["Uncategorized"],"inLanguage":"sl-SI","potentialAction":[{"@type":"CommentAction","name":"Comment","target":["https:\/\/vrtec-litija.si\/ribica\/uncategorized\/dan-vrtca-v-znamenju-medgeneracijskega-povezovanja\/#respond"]}]},{"@type":"WebPage","@id":"https:\/\/vrtec-litija.si\/ribica\/uncategorized\/dan-vrtca-v-znamenju-medgeneracijskega-povezovanja\/","url":"https:\/\/vrtec-litija.si\/ribica\/uncategorized\/dan-vrtca-v-znamenju-medgeneracijskega-povezovanja\/","name":"Dan vrtca v znamenju medgeneracijskega povezovanja - Enota Ribica","isPartOf":{"@id":"https:\/\/vrtec-litija.si\/ribica\/#website"},"datePublished":"2026-04-28T07:38:28+00:00","dateModified":"2026-04-28T07:48:06+00:00","breadcrumb":{"@id":"https:\/\/vrtec-litija.si\/ribica\/uncategorized\/dan-vrtca-v-znamenju-medgeneracijskega-povezovanja\/#breadcrumb"},"inLanguage":"sl-SI","potentialAction":[{"@type":"ReadAction","target":["https:\/\/vrtec-litija.si\/ribica\/uncategorized\/dan-vrtca-v-znamenju-medgeneracijskega-povezovanja\/"]}]},{"@type":"BreadcrumbList","@id":"https:\/\/vrtec-litija.si\/ribica\/uncategorized\/dan-vrtca-v-znamenju-medgeneracijskega-povezovanja\/#breadcrumb","itemListElement":[{"@type":"ListItem","position":1,"name":"Uncategorized","item":"https:\/\/vrtec-litija.si\/ribica\/category\/uncategorized\/"},{"@type":"ListItem","position":2,"name":"Dan vrtca v znamenju medgeneracijskega povezovanja"}]},{"@type":"WebSite","@id":"https:\/\/vrtec-litija.si\/ribica\/#website","url":"https:\/\/vrtec-litija.si\/ribica\/","name":"Enota Ribica","description":"Vrtec Litija Ribica","publisher":{"@id":"https:\/\/vrtec-litija.si\/ribica\/#organization"},"potentialAction":[{"@type":"SearchAction","target":{"@type":"EntryPoint","urlTemplate":"https:\/\/vrtec-litija.si\/ribica\/?s={search_term_string}"},"query-input":"required name=search_term_string"}],"inLanguage":"sl-SI"},{"@type":"Organization","@id":"https:\/\/vrtec-litija.si\/ribica\/#organization","name":"Vrtec Litija - Enota Ribica","url":"https:\/\/vrtec-litija.si\/ribica\/","logo":{"@type":"ImageObject","inLanguage":"sl-SI","@id":"https:\/\/vrtec-litija.si\/ribica\/#\/schema\/logo\/image\/","url":"https:\/\/vrtec-litija.si\/ribica\/wp-content\/uploads\/sites\/9\/2021\/01\/vrtec-litija-logo.png","contentUrl":"https:\/\/vrtec-litija.si\/ribica\/wp-content\/uploads\/sites\/9\/2021\/01\/vrtec-litija-logo.png","width":300,"height":298,"caption":"Vrtec Litija - Enota Ribica"},"image":{"@id":"https:\/\/vrtec-litija.si\/ribica\/#\/schema\/logo\/image\/"}},{"@type":"Person","@id":"https:\/\/vrtec-litija.si\/ribica\/#\/schema\/person\/7384f74aac2217bdec8ceda4a6979179","name":"lili","image":{"@type":"ImageObject","inLanguage":"sl-SI","@id":"https:\/\/vrtec-litija.si\/ribica\/#\/schema\/person\/image\/","url":"https:\/\/secure.gravatar.com\/avatar\/9cf7165b98198daa2da9c8364c942526?s=96&d=mm&r=g","contentUrl":"https:\/\/secure.gravatar.com\/avatar\/9cf7165b98198daa2da9c8364c942526?s=96&d=mm&r=g","caption":"lili"},"url":"https:\/\/vrtec-litija.si\/ribica\/author\/lili\/"}]}},"_links":{"self":[{"href":"https:\/\/vrtec-litija.si\/ribica\/wp-json\/wp\/v2\/posts\/4943"}],"collection":[{"href":"https:\/\/vrtec-litija.si\/ribica\/wp-json\/wp\/v2\/posts"}],"about":[{"href":"https:\/\/vrtec-litija.si\/ribica\/wp-json\/wp\/v2\/types\/post"}],"author":[{"embeddable":true,"href":"https:\/\/vrtec-litija.si\/ribica\/wp-json\/wp\/v2\/users\/5"}],"replies":[{"embeddable":true,"href":"https:\/\/vrtec-litija.si\/ribica\/wp-json\/wp\/v2\/comments?post=4943"}],"version-history":[{"count":5,"href":"https:\/\/vrtec-litija.si\/ribica\/wp-json\/wp\/v2\/posts\/4943\/revisions"}],"predecessor-version":[{"id":4955,"href":"https:\/\/vrtec-litija.si\/ribica\/wp-json\/wp\/v2\/posts\/4943\/revisions\/4955"}],"wp:attachment":[{"href":"https:\/\/vrtec-litija.si\/ribica\/wp-json\/wp\/v2\/media?parent=4943"}],"wp:term":[{"taxonomy":"category","embeddable":true,"href":"https:\/\/vrtec-litija.si\/ribica\/wp-json\/wp\/v2\/categories?post=4943"},{"taxonomy":"post_tag","embeddable":true,"href":"https:\/\/vrtec-litija.si\/ribica\/wp-json\/wp\/v2\/tags?post=4943"}],"curies":[{"name":"wp","href":"https:\/\/api.w.org\/{rel}","templated":true}]}}