{"id":4822,"date":"2025-01-31T13:24:27","date_gmt":"2025-01-31T12:24:27","guid":{"rendered":"https:\/\/vrtec-litija.si\/ribica\/?p=4822"},"modified":"2025-01-31T13:34:52","modified_gmt":"2025-01-31T12:34:52","slug":"obisk-resevalcev-v-zd-litija","status":"publish","type":"post","link":"https:\/\/vrtec-litija.si\/ribica\/novice\/obisk-resevalcev-v-zd-litija\/","title":{"rendered":"Obisk re\u0161evalcev v ZD Litija"},"content":{"rendered":"\t\t<div data-elementor-type=\"wp-post\" data-elementor-id=\"4822\" class=\"elementor elementor-4822\">\n\t\t\t\t\t\t<div class=\"elementor-inner\">\n\t\t\t\t<div class=\"elementor-section-wrap\">\n\t\t\t\t\t\t\t\t\t<section class=\"elementor-section elementor-top-section elementor-element elementor-element-a1886f4 elementor-section-boxed elementor-section-height-default elementor-section-height-default\" data-id=\"a1886f4\" data-element_type=\"section\">\n\t\t\t\t\t\t<div class=\"elementor-container elementor-column-gap-default\">\n\t\t\t\t\t\t\t<div class=\"elementor-row\">\n\t\t\t\t\t<div class=\"elementor-column elementor-col-100 elementor-top-column elementor-element elementor-element-21d8f979\" data-id=\"21d8f979\" data-element_type=\"column\">\n\t\t\t<div class=\"elementor-column-wrap elementor-element-populated\">\n\t\t\t\t\t\t\t<div class=\"elementor-widget-wrap\">\n\t\t\t\t\t\t<div class=\"elementor-element elementor-element-6d060f2d elementor-widget elementor-widget-text-editor\" data-id=\"6d060f2d\" data-element_type=\"widget\" data-widget_type=\"text-editor.default\">\n\t\t\t\t<div class=\"elementor-widget-container\">\n\t\t\t\t\t\t\t\t<div class=\"elementor-text-editor elementor-clearfix\">\n\t\t\t\t<!-- wp:paragraph -->\n<p>V \u010detrtek, 30. 1. 2025, smo z najstarej\u0161imi otroki iz enote Ribica obiskali NMP ambulanto v ZD Litija. Tam so nam prijazni re\u0161evalci razkazali urgentno ambulanto, re\u0161evalna vozila in vse aparature, s pomo\u010djo katerih lahko pomagajo in re\u0161ujejo \u017eivljenja.<\/p>\n<!-- \/wp:paragraph --><!-- wp:paragraph -->\n<p>Otroci so bili dele\u017eni zanimive razlage in prikaza dela junakov, ki nam v te\u017eavah prisko\u010dijo na pomo\u010d. Ni kar tako, \u010de lahko vstopi\u0161 v re\u0161evalno vozilo in si vse od blizu ogleda\u0161. Navdu\u0161enje otrok je bilo veliko. Sre\u010da in ponos sta sijala iz otro\u0161kih o\u010di, ko so lahko sami preizkusili gumb, ki odpre razli\u010dne predale, spusti posteljo iz vozila in celo gumb, ki pri\u017ege lu\u010dke ali pa sireno. Spoznali in nau\u010dili smo se kar nekaj stvari. Tudi to, da je v re\u0161ilcu bomba (saj veste, tista v kateri je kisik). Pred odhodom pa nas je \u010dakalo \u0161e sladko presene\u010denje. \u00bbRe\u0161evalci so pa res prijazni,\u00ab so besede, ki so odzvanjale iz otro\u0161kih ust vso pot nazaj v vrtec. To je bil obisk, ki ga ne bomo zlepa pozabili.\u00a0<\/p>\n<!-- \/wp:paragraph --><!-- wp:paragraph -->\n<p>HVALA za prijetno in pou\u010dno dru\u017eenje re\u0161evalca Bojan in Rok! In hvala tudi vsem ostalim, ki ste nas prijazno sprejeli.<\/p>\n<!-- \/wp:paragraph --><!-- wp:paragraph -->\n<p style=\"text-align: right;\">Tina Sirk in Lea Filipi\u010d<\/p>\n<p><a href=\"https:\/\/vrtec-litija.si\/ribica\/gallery\/obisk-resevalcev-v-zd-litija\/\" target=\"_blank\" rel=\"noopener\"><strong><span style=\"text-decoration: underline;\">FOTOGRAFIJE<\/span><\/strong><\/a><\/p>\n<!-- \/wp:paragraph -->\t\t\t\t\t<\/div>\n\t\t\t\t\t\t<\/div>\n\t\t\t\t<\/div>\n\t\t\t\t\t\t<\/div>\n\t\t\t\t\t<\/div>\n\t\t<\/div>\n\t\t\t\t\t\t\t\t<\/div>\n\t\t\t\t\t<\/div>\n\t\t<\/section>\n\t\t\t\t\t\t\t\t\t<\/div>\n\t\t\t<\/div>\n\t\t\t\t\t<\/div>\n\t\t","protected":false},"excerpt":{"rendered":"V \u010detrtek, 30. 1. 2025, smo z najstarej\u0161imi otroki iz enote Ribica obiskali NMP ambulanto v ZD Litija. Tam so nam prijazni re\u0161evalci razkazali urgentno ambulanto, re\u0161evalna vozila in vse aparature, s pomo\u010djo katerih lahko pomagajo in re\u0161ujejo \u017eivljenja. Otroci so bili dele\u017eni zanimive razlage in prikaza dela junakov, ki nam v te\u017eavah prisko\u010dijo na &#8230;","protected":false},"author":5,"featured_media":0,"comment_status":"open","ping_status":"open","sticky":false,"template":"","format":"standard","meta":[],"categories":[3],"tags":[],"yoast_head":"<!-- This site is optimized with the Yoast SEO plugin v20.6 - https:\/\/yoast.com\/wordpress\/plugins\/seo\/ -->\n<title>Obisk re\u0161evalcev v ZD Litija - Enota Ribica<\/title>\n<meta name=\"robots\" content=\"index, follow, max-snippet:-1, max-image-preview:large, max-video-preview:-1\" \/>\n<link rel=\"canonical\" href=\"https:\/\/vrtec-litija.si\/ribica\/novice\/obisk-resevalcev-v-zd-litija\/\" \/>\n<meta property=\"og:locale\" content=\"sl_SI\" \/>\n<meta property=\"og:type\" content=\"article\" \/>\n<meta property=\"og:title\" content=\"Obisk re\u0161evalcev v ZD Litija - Enota Ribica\" \/>\n<meta property=\"og:description\" content=\"V \u010detrtek, 30. 1. 2025, smo z najstarej\u0161imi otroki iz enote Ribica obiskali NMP ambulanto v ZD Litija. Tam so nam prijazni re\u0161evalci razkazali urgentno ambulanto, re\u0161evalna vozila in vse aparature, s pomo\u010djo katerih lahko pomagajo in re\u0161ujejo \u017eivljenja. Otroci so bili dele\u017eni zanimive razlage in prikaza dela junakov, ki nam v te\u017eavah prisko\u010dijo na ...\" \/>\n<meta property=\"og:url\" content=\"https:\/\/vrtec-litija.si\/ribica\/novice\/obisk-resevalcev-v-zd-litija\/\" \/>\n<meta property=\"og:site_name\" content=\"Enota Ribica\" \/>\n<meta property=\"article:published_time\" content=\"2025-01-31T12:24:27+00:00\" \/>\n<meta property=\"article:modified_time\" content=\"2025-01-31T12:34:52+00:00\" \/>\n<meta name=\"author\" content=\"lili\" \/>\n<meta name=\"twitter:card\" content=\"summary_large_image\" \/>\n<meta name=\"twitter:label1\" content=\"Written by\" \/>\n\t<meta name=\"twitter:data1\" content=\"lili\" \/>\n\t<meta name=\"twitter:label2\" content=\"Est. reading time\" \/>\n\t<meta name=\"twitter:data2\" content=\"2 minuti\" \/>\n<script type=\"application\/ld+json\" class=\"yoast-schema-graph\">{\"@context\":\"https:\/\/schema.org\",\"@graph\":[{\"@type\":\"Article\",\"@id\":\"https:\/\/vrtec-litija.si\/ribica\/novice\/obisk-resevalcev-v-zd-litija\/#article\",\"isPartOf\":{\"@id\":\"https:\/\/vrtec-litija.si\/ribica\/novice\/obisk-resevalcev-v-zd-litija\/\"},\"author\":{\"name\":\"lili\",\"@id\":\"https:\/\/vrtec-litija.si\/ribica\/#\/schema\/person\/7384f74aac2217bdec8ceda4a6979179\"},\"headline\":\"Obisk re\u0161evalcev v ZD Litija\",\"datePublished\":\"2025-01-31T12:24:27+00:00\",\"dateModified\":\"2025-01-31T12:34:52+00:00\",\"mainEntityOfPage\":{\"@id\":\"https:\/\/vrtec-litija.si\/ribica\/novice\/obisk-resevalcev-v-zd-litija\/\"},\"wordCount\":219,\"commentCount\":0,\"publisher\":{\"@id\":\"https:\/\/vrtec-litija.si\/ribica\/#organization\"},\"articleSection\":[\"Novice\"],\"inLanguage\":\"sl-SI\",\"potentialAction\":[{\"@type\":\"CommentAction\",\"name\":\"Comment\",\"target\":[\"https:\/\/vrtec-litija.si\/ribica\/novice\/obisk-resevalcev-v-zd-litija\/#respond\"]}]},{\"@type\":\"WebPage\",\"@id\":\"https:\/\/vrtec-litija.si\/ribica\/novice\/obisk-resevalcev-v-zd-litija\/\",\"url\":\"https:\/\/vrtec-litija.si\/ribica\/novice\/obisk-resevalcev-v-zd-litija\/\",\"name\":\"Obisk re\u0161evalcev v ZD Litija - Enota Ribica\",\"isPartOf\":{\"@id\":\"https:\/\/vrtec-litija.si\/ribica\/#website\"},\"datePublished\":\"2025-01-31T12:24:27+00:00\",\"dateModified\":\"2025-01-31T12:34:52+00:00\",\"breadcrumb\":{\"@id\":\"https:\/\/vrtec-litija.si\/ribica\/novice\/obisk-resevalcev-v-zd-litija\/#breadcrumb\"},\"inLanguage\":\"sl-SI\",\"potentialAction\":[{\"@type\":\"ReadAction\",\"target\":[\"https:\/\/vrtec-litija.si\/ribica\/novice\/obisk-resevalcev-v-zd-litija\/\"]}]},{\"@type\":\"BreadcrumbList\",\"@id\":\"https:\/\/vrtec-litija.si\/ribica\/novice\/obisk-resevalcev-v-zd-litija\/#breadcrumb\",\"itemListElement\":[{\"@type\":\"ListItem\",\"position\":1,\"name\":\"Novice\",\"item\":\"https:\/\/vrtec-litija.si\/ribica\/category\/novice\/\"},{\"@type\":\"ListItem\",\"position\":2,\"name\":\"Obisk re\u0161evalcev v ZD Litija\"}]},{\"@type\":\"WebSite\",\"@id\":\"https:\/\/vrtec-litija.si\/ribica\/#website\",\"url\":\"https:\/\/vrtec-litija.si\/ribica\/\",\"name\":\"Enota Ribica\",\"description\":\"Vrtec Litija Ribica\",\"publisher\":{\"@id\":\"https:\/\/vrtec-litija.si\/ribica\/#organization\"},\"potentialAction\":[{\"@type\":\"SearchAction\",\"target\":{\"@type\":\"EntryPoint\",\"urlTemplate\":\"https:\/\/vrtec-litija.si\/ribica\/?s={search_term_string}\"},\"query-input\":\"required name=search_term_string\"}],\"inLanguage\":\"sl-SI\"},{\"@type\":\"Organization\",\"@id\":\"https:\/\/vrtec-litija.si\/ribica\/#organization\",\"name\":\"Vrtec Litija - Enota Ribica\",\"url\":\"https:\/\/vrtec-litija.si\/ribica\/\",\"logo\":{\"@type\":\"ImageObject\",\"inLanguage\":\"sl-SI\",\"@id\":\"https:\/\/vrtec-litija.si\/ribica\/#\/schema\/logo\/image\/\",\"url\":\"https:\/\/vrtec-litija.si\/ribica\/wp-content\/uploads\/sites\/9\/2021\/01\/vrtec-litija-logo.png\",\"contentUrl\":\"https:\/\/vrtec-litija.si\/ribica\/wp-content\/uploads\/sites\/9\/2021\/01\/vrtec-litija-logo.png\",\"width\":300,\"height\":298,\"caption\":\"Vrtec Litija - Enota Ribica\"},\"image\":{\"@id\":\"https:\/\/vrtec-litija.si\/ribica\/#\/schema\/logo\/image\/\"}},{\"@type\":\"Person\",\"@id\":\"https:\/\/vrtec-litija.si\/ribica\/#\/schema\/person\/7384f74aac2217bdec8ceda4a6979179\",\"name\":\"lili\",\"image\":{\"@type\":\"ImageObject\",\"inLanguage\":\"sl-SI\",\"@id\":\"https:\/\/vrtec-litija.si\/ribica\/#\/schema\/person\/image\/\",\"url\":\"https:\/\/secure.gravatar.com\/avatar\/9cf7165b98198daa2da9c8364c942526?s=96&d=mm&r=g\",\"contentUrl\":\"https:\/\/secure.gravatar.com\/avatar\/9cf7165b98198daa2da9c8364c942526?s=96&d=mm&r=g\",\"caption\":\"lili\"},\"url\":\"https:\/\/vrtec-litija.si\/ribica\/author\/lili\/\"}]}<\/script>\n<!-- \/ Yoast SEO plugin. -->","yoast_head_json":{"title":"Obisk re\u0161evalcev v ZD Litija - Enota Ribica","robots":{"index":"index","follow":"follow","max-snippet":"max-snippet:-1","max-image-preview":"max-image-preview:large","max-video-preview":"max-video-preview:-1"},"canonical":"https:\/\/vrtec-litija.si\/ribica\/novice\/obisk-resevalcev-v-zd-litija\/","og_locale":"sl_SI","og_type":"article","og_title":"Obisk re\u0161evalcev v ZD Litija - Enota Ribica","og_description":"V \u010detrtek, 30. 1. 2025, smo z najstarej\u0161imi otroki iz enote Ribica obiskali NMP ambulanto v ZD Litija. Tam so nam prijazni re\u0161evalci razkazali urgentno ambulanto, re\u0161evalna vozila in vse aparature, s pomo\u010djo katerih lahko pomagajo in re\u0161ujejo \u017eivljenja. Otroci so bili dele\u017eni zanimive razlage in prikaza dela junakov, ki nam v te\u017eavah prisko\u010dijo na ...","og_url":"https:\/\/vrtec-litija.si\/ribica\/novice\/obisk-resevalcev-v-zd-litija\/","og_site_name":"Enota Ribica","article_published_time":"2025-01-31T12:24:27+00:00","article_modified_time":"2025-01-31T12:34:52+00:00","author":"lili","twitter_card":"summary_large_image","twitter_misc":{"Written by":"lili","Est. reading time":"2 minuti"},"schema":{"@context":"https:\/\/schema.org","@graph":[{"@type":"Article","@id":"https:\/\/vrtec-litija.si\/ribica\/novice\/obisk-resevalcev-v-zd-litija\/#article","isPartOf":{"@id":"https:\/\/vrtec-litija.si\/ribica\/novice\/obisk-resevalcev-v-zd-litija\/"},"author":{"name":"lili","@id":"https:\/\/vrtec-litija.si\/ribica\/#\/schema\/person\/7384f74aac2217bdec8ceda4a6979179"},"headline":"Obisk re\u0161evalcev v ZD Litija","datePublished":"2025-01-31T12:24:27+00:00","dateModified":"2025-01-31T12:34:52+00:00","mainEntityOfPage":{"@id":"https:\/\/vrtec-litija.si\/ribica\/novice\/obisk-resevalcev-v-zd-litija\/"},"wordCount":219,"commentCount":0,"publisher":{"@id":"https:\/\/vrtec-litija.si\/ribica\/#organization"},"articleSection":["Novice"],"inLanguage":"sl-SI","potentialAction":[{"@type":"CommentAction","name":"Comment","target":["https:\/\/vrtec-litija.si\/ribica\/novice\/obisk-resevalcev-v-zd-litija\/#respond"]}]},{"@type":"WebPage","@id":"https:\/\/vrtec-litija.si\/ribica\/novice\/obisk-resevalcev-v-zd-litija\/","url":"https:\/\/vrtec-litija.si\/ribica\/novice\/obisk-resevalcev-v-zd-litija\/","name":"Obisk re\u0161evalcev v ZD Litija - Enota Ribica","isPartOf":{"@id":"https:\/\/vrtec-litija.si\/ribica\/#website"},"datePublished":"2025-01-31T12:24:27+00:00","dateModified":"2025-01-31T12:34:52+00:00","breadcrumb":{"@id":"https:\/\/vrtec-litija.si\/ribica\/novice\/obisk-resevalcev-v-zd-litija\/#breadcrumb"},"inLanguage":"sl-SI","potentialAction":[{"@type":"ReadAction","target":["https:\/\/vrtec-litija.si\/ribica\/novice\/obisk-resevalcev-v-zd-litija\/"]}]},{"@type":"BreadcrumbList","@id":"https:\/\/vrtec-litija.si\/ribica\/novice\/obisk-resevalcev-v-zd-litija\/#breadcrumb","itemListElement":[{"@type":"ListItem","position":1,"name":"Novice","item":"https:\/\/vrtec-litija.si\/ribica\/category\/novice\/"},{"@type":"ListItem","position":2,"name":"Obisk re\u0161evalcev v ZD Litija"}]},{"@type":"WebSite","@id":"https:\/\/vrtec-litija.si\/ribica\/#website","url":"https:\/\/vrtec-litija.si\/ribica\/","name":"Enota Ribica","description":"Vrtec Litija Ribica","publisher":{"@id":"https:\/\/vrtec-litija.si\/ribica\/#organization"},"potentialAction":[{"@type":"SearchAction","target":{"@type":"EntryPoint","urlTemplate":"https:\/\/vrtec-litija.si\/ribica\/?s={search_term_string}"},"query-input":"required name=search_term_string"}],"inLanguage":"sl-SI"},{"@type":"Organization","@id":"https:\/\/vrtec-litija.si\/ribica\/#organization","name":"Vrtec Litija - Enota Ribica","url":"https:\/\/vrtec-litija.si\/ribica\/","logo":{"@type":"ImageObject","inLanguage":"sl-SI","@id":"https:\/\/vrtec-litija.si\/ribica\/#\/schema\/logo\/image\/","url":"https:\/\/vrtec-litija.si\/ribica\/wp-content\/uploads\/sites\/9\/2021\/01\/vrtec-litija-logo.png","contentUrl":"https:\/\/vrtec-litija.si\/ribica\/wp-content\/uploads\/sites\/9\/2021\/01\/vrtec-litija-logo.png","width":300,"height":298,"caption":"Vrtec Litija - Enota Ribica"},"image":{"@id":"https:\/\/vrtec-litija.si\/ribica\/#\/schema\/logo\/image\/"}},{"@type":"Person","@id":"https:\/\/vrtec-litija.si\/ribica\/#\/schema\/person\/7384f74aac2217bdec8ceda4a6979179","name":"lili","image":{"@type":"ImageObject","inLanguage":"sl-SI","@id":"https:\/\/vrtec-litija.si\/ribica\/#\/schema\/person\/image\/","url":"https:\/\/secure.gravatar.com\/avatar\/9cf7165b98198daa2da9c8364c942526?s=96&d=mm&r=g","contentUrl":"https:\/\/secure.gravatar.com\/avatar\/9cf7165b98198daa2da9c8364c942526?s=96&d=mm&r=g","caption":"lili"},"url":"https:\/\/vrtec-litija.si\/ribica\/author\/lili\/"}]}},"_links":{"self":[{"href":"https:\/\/vrtec-litija.si\/ribica\/wp-json\/wp\/v2\/posts\/4822"}],"collection":[{"href":"https:\/\/vrtec-litija.si\/ribica\/wp-json\/wp\/v2\/posts"}],"about":[{"href":"https:\/\/vrtec-litija.si\/ribica\/wp-json\/wp\/v2\/types\/post"}],"author":[{"embeddable":true,"href":"https:\/\/vrtec-litija.si\/ribica\/wp-json\/wp\/v2\/users\/5"}],"replies":[{"embeddable":true,"href":"https:\/\/vrtec-litija.si\/ribica\/wp-json\/wp\/v2\/comments?post=4822"}],"version-history":[{"count":8,"href":"https:\/\/vrtec-litija.si\/ribica\/wp-json\/wp\/v2\/posts\/4822\/revisions"}],"predecessor-version":[{"id":4843,"href":"https:\/\/vrtec-litija.si\/ribica\/wp-json\/wp\/v2\/posts\/4822\/revisions\/4843"}],"wp:attachment":[{"href":"https:\/\/vrtec-litija.si\/ribica\/wp-json\/wp\/v2\/media?parent=4822"}],"wp:term":[{"taxonomy":"category","embeddable":true,"href":"https:\/\/vrtec-litija.si\/ribica\/wp-json\/wp\/v2\/categories?post=4822"},{"taxonomy":"post_tag","embeddable":true,"href":"https:\/\/vrtec-litija.si\/ribica\/wp-json\/wp\/v2\/tags?post=4822"}],"curies":[{"name":"wp","href":"https:\/\/api.w.org\/{rel}","templated":true}]}}