{"id":4775,"date":"2024-11-20T07:08:58","date_gmt":"2024-11-20T06:08:58","guid":{"rendered":"https:\/\/vrtec-litija.si\/ribica\/?p=4775"},"modified":"2024-11-20T07:44:21","modified_gmt":"2024-11-20T06:44:21","slug":"teden-slovenske-hrane-v-enoti-ribica","status":"publish","type":"post","link":"https:\/\/vrtec-litija.si\/ribica\/novice\/teden-slovenske-hrane-v-enoti-ribica\/","title":{"rendered":"Teden slovenske hrane v enoti Ribica"},"content":{"rendered":"\t\t<div data-elementor-type=\"wp-post\" data-elementor-id=\"4775\" class=\"elementor elementor-4775\">\n\t\t\t\t\t\t<div class=\"elementor-inner\">\n\t\t\t\t<div class=\"elementor-section-wrap\">\n\t\t\t\t\t\t\t\t\t<section class=\"elementor-section elementor-top-section elementor-element elementor-element-5e5b535e elementor-section-boxed elementor-section-height-default elementor-section-height-default\" data-id=\"5e5b535e\" data-element_type=\"section\">\n\t\t\t\t\t\t<div class=\"elementor-container elementor-column-gap-default\">\n\t\t\t\t\t\t\t<div class=\"elementor-row\">\n\t\t\t\t\t<div class=\"elementor-column elementor-col-100 elementor-top-column elementor-element elementor-element-6f5b1cc9\" data-id=\"6f5b1cc9\" data-element_type=\"column\">\n\t\t\t<div class=\"elementor-column-wrap elementor-element-populated\">\n\t\t\t\t\t\t\t<div class=\"elementor-widget-wrap\">\n\t\t\t\t\t\t<div class=\"elementor-element elementor-element-22f633a elementor-widget elementor-widget-text-editor\" data-id=\"22f633a\" data-element_type=\"widget\" data-widget_type=\"text-editor.default\">\n\t\t\t\t<div class=\"elementor-widget-container\">\n\t\t\t\t\t\t\t\t<div class=\"elementor-text-editor elementor-clearfix\">\n\t\t\t\t<!-- wp:paragraph -->\n<p>V preteklem tednu smo v na\u0161em vrtcu obele\u017eili Teden slovenske hrane, osrednji dogodek pa je bil Tradicionalni slovenski zajtrk, ki smo ga izvedli v petek, 15. novembra. Otrokom smo skozi razli\u010dne dejavnosti pribli\u017eali pomen lokalno pridelane hrane, kot so kruh, maslo, med, mleko in jabolka.\u00a0<\/p>\n<!-- \/wp:paragraph --><!-- wp:paragraph -->\n<p>Skozi cel teden smo ozave\u0161\u010dali otroke o pomenu doma\u010de pridelave, sve\u017eine in kakovosti hrane ter spodbujali zdrave prehranjevalne navade. Ob tem smo poudarjali tudi vrednost lokalnega okolja in delo slovenskih kmetov, otroci pa so preko izkustvenega u\u010denja razvijali prakti\u010dne ve\u0161\u010dine in pozitiven odnos do hrane.\u00a0<\/p>\n<!-- \/wp:paragraph --><!-- wp:paragraph -->\n<p>V okviru delavnic so otroci sodelovali pri ribanju jabolk, pripravi testa in peki kruha ter izdelovanju doma\u010dega masla, ki so ga kasneje oku\u0161ali na sve\u017ee pe\u010denem kruhu. Ob ustvarjalnih aktivnostih so oblikovali tudi interaktivne panoje na temo lokalne hrane, kjer smo predstavili procese pridelave mleka, kruha, jabolk in medu. Ti panoji so krasili na\u0161 vrtec in omogo\u010dali otrokom ter star\u0161em vpogled v pomen lokalne prehranske verige.\u00a0<\/p>\n<!-- \/wp:paragraph --><!-- wp:paragraph -->\n<p>Zaklju\u010dek tedna je bil prav poseben, saj smo ob tradicionalnem obroku \u00a0gostili pod\u017eupanjo Ob\u010dine Litija, ga. Lijano Lov\u0161e, ravnateljico Vrtca Litija, ga. Liljano Plaskan, pomo\u010dnico ravnateljice, ga. Matejo Premk in ga. Mirjam \u0160u\u0161tar, organizatorko prehrane v na\u0161em vrtcu. Prav tako nas je obiskala ga. Milka Toma\u017ein, in\u017eenirka kmetijstva, ki je otrokom predstavila raznoliko lokalno pridelano sadje in zelenjavo. Njena razstava lokalno pridelanega sadja in zelenjave v skupnem prostoru enote Ribica je navdu\u0161ila tako otroke kot odrasle.\u00a0<\/p>\n<!-- \/wp:paragraph --><!-- wp:paragraph -->\n<p>Teden je bil za vse nas poln u\u010denja, ustvarjanja in \u010dudovitih skupnih trenutkov, ki so poglobili razumevanje pomena lokalne hrane in medsebojnega sodelovanja!<\/p>\n<!-- \/wp:paragraph --><!-- wp:paragraph -->\n<p style=\"text-align: right;\">Luka Sterle, vodja enote<\/p>\n<p>In \u0161e nekaj <a href=\"https:\/\/vrtec-litija.si\/ribica\/gallery\/tradicionalni-slovenski-zajtrk-v-enoti-ribica\/\" target=\"_blank\" rel=\"noopener\"><strong><span style=\"text-decoration: underline;\">FOTO utrinkov \ud83d\ude42<\/span><\/strong><\/a><\/p>\n<!-- \/wp:paragraph -->\t\t\t\t\t<\/div>\n\t\t\t\t\t\t<\/div>\n\t\t\t\t<\/div>\n\t\t\t\t\t\t<\/div>\n\t\t\t\t\t<\/div>\n\t\t<\/div>\n\t\t\t\t\t\t\t\t<\/div>\n\t\t\t\t\t<\/div>\n\t\t<\/section>\n\t\t\t\t\t\t\t\t\t<\/div>\n\t\t\t<\/div>\n\t\t\t\t\t<\/div>\n\t\t","protected":false},"excerpt":{"rendered":"V preteklem tednu smo v na\u0161em vrtcu obele\u017eili Teden slovenske hrane, osrednji dogodek pa je bil Tradicionalni slovenski zajtrk, ki smo ga izvedli v petek, 15. novembra. Otrokom smo skozi razli\u010dne dejavnosti pribli\u017eali pomen lokalno pridelane hrane, kot so kruh, maslo, med, mleko in jabolka.&nbsp; Skozi cel teden smo ozave\u0161\u010dali otroke o pomenu doma\u010de pridelave, &#8230;","protected":false},"author":5,"featured_media":0,"comment_status":"open","ping_status":"open","sticky":false,"template":"","format":"standard","meta":[],"categories":[3],"tags":[],"yoast_head":"<!-- This site is optimized with the Yoast SEO plugin v20.6 - https:\/\/yoast.com\/wordpress\/plugins\/seo\/ -->\n<title>Teden slovenske hrane v enoti Ribica - Enota Ribica<\/title>\n<meta name=\"robots\" content=\"index, follow, max-snippet:-1, max-image-preview:large, max-video-preview:-1\" \/>\n<link rel=\"canonical\" href=\"https:\/\/vrtec-litija.si\/ribica\/novice\/teden-slovenske-hrane-v-enoti-ribica\/\" \/>\n<meta property=\"og:locale\" content=\"sl_SI\" \/>\n<meta property=\"og:type\" content=\"article\" \/>\n<meta property=\"og:title\" content=\"Teden slovenske hrane v enoti Ribica - Enota Ribica\" \/>\n<meta property=\"og:description\" content=\"V preteklem tednu smo v na\u0161em vrtcu obele\u017eili Teden slovenske hrane, osrednji dogodek pa je bil Tradicionalni slovenski zajtrk, ki smo ga izvedli v petek, 15. novembra. Otrokom smo skozi razli\u010dne dejavnosti pribli\u017eali pomen lokalno pridelane hrane, kot so kruh, maslo, med, mleko in jabolka.&nbsp; Skozi cel teden smo ozave\u0161\u010dali otroke o pomenu doma\u010de pridelave, ...\" \/>\n<meta property=\"og:url\" content=\"https:\/\/vrtec-litija.si\/ribica\/novice\/teden-slovenske-hrane-v-enoti-ribica\/\" \/>\n<meta property=\"og:site_name\" content=\"Enota Ribica\" \/>\n<meta property=\"article:published_time\" content=\"2024-11-20T06:08:58+00:00\" \/>\n<meta property=\"article:modified_time\" content=\"2024-11-20T06:44:21+00:00\" \/>\n<meta name=\"author\" content=\"lili\" \/>\n<meta name=\"twitter:card\" content=\"summary_large_image\" \/>\n<meta name=\"twitter:label1\" content=\"Written by\" \/>\n\t<meta name=\"twitter:data1\" content=\"lili\" \/>\n\t<meta name=\"twitter:label2\" content=\"Est. reading time\" \/>\n\t<meta name=\"twitter:data2\" content=\"2 minuti\" \/>\n<script type=\"application\/ld+json\" class=\"yoast-schema-graph\">{\"@context\":\"https:\/\/schema.org\",\"@graph\":[{\"@type\":\"Article\",\"@id\":\"https:\/\/vrtec-litija.si\/ribica\/novice\/teden-slovenske-hrane-v-enoti-ribica\/#article\",\"isPartOf\":{\"@id\":\"https:\/\/vrtec-litija.si\/ribica\/novice\/teden-slovenske-hrane-v-enoti-ribica\/\"},\"author\":{\"name\":\"lili\",\"@id\":\"https:\/\/vrtec-litija.si\/ribica\/#\/schema\/person\/7384f74aac2217bdec8ceda4a6979179\"},\"headline\":\"Teden slovenske hrane v enoti Ribica\",\"datePublished\":\"2024-11-20T06:08:58+00:00\",\"dateModified\":\"2024-11-20T06:44:21+00:00\",\"mainEntityOfPage\":{\"@id\":\"https:\/\/vrtec-litija.si\/ribica\/novice\/teden-slovenske-hrane-v-enoti-ribica\/\"},\"wordCount\":301,\"commentCount\":0,\"publisher\":{\"@id\":\"https:\/\/vrtec-litija.si\/ribica\/#organization\"},\"articleSection\":[\"Novice\"],\"inLanguage\":\"sl-SI\",\"potentialAction\":[{\"@type\":\"CommentAction\",\"name\":\"Comment\",\"target\":[\"https:\/\/vrtec-litija.si\/ribica\/novice\/teden-slovenske-hrane-v-enoti-ribica\/#respond\"]}]},{\"@type\":\"WebPage\",\"@id\":\"https:\/\/vrtec-litija.si\/ribica\/novice\/teden-slovenske-hrane-v-enoti-ribica\/\",\"url\":\"https:\/\/vrtec-litija.si\/ribica\/novice\/teden-slovenske-hrane-v-enoti-ribica\/\",\"name\":\"Teden slovenske hrane v enoti Ribica - Enota Ribica\",\"isPartOf\":{\"@id\":\"https:\/\/vrtec-litija.si\/ribica\/#website\"},\"datePublished\":\"2024-11-20T06:08:58+00:00\",\"dateModified\":\"2024-11-20T06:44:21+00:00\",\"breadcrumb\":{\"@id\":\"https:\/\/vrtec-litija.si\/ribica\/novice\/teden-slovenske-hrane-v-enoti-ribica\/#breadcrumb\"},\"inLanguage\":\"sl-SI\",\"potentialAction\":[{\"@type\":\"ReadAction\",\"target\":[\"https:\/\/vrtec-litija.si\/ribica\/novice\/teden-slovenske-hrane-v-enoti-ribica\/\"]}]},{\"@type\":\"BreadcrumbList\",\"@id\":\"https:\/\/vrtec-litija.si\/ribica\/novice\/teden-slovenske-hrane-v-enoti-ribica\/#breadcrumb\",\"itemListElement\":[{\"@type\":\"ListItem\",\"position\":1,\"name\":\"Novice\",\"item\":\"https:\/\/vrtec-litija.si\/ribica\/category\/novice\/\"},{\"@type\":\"ListItem\",\"position\":2,\"name\":\"Teden slovenske hrane v enoti Ribica\"}]},{\"@type\":\"WebSite\",\"@id\":\"https:\/\/vrtec-litija.si\/ribica\/#website\",\"url\":\"https:\/\/vrtec-litija.si\/ribica\/\",\"name\":\"Enota Ribica\",\"description\":\"Vrtec Litija Ribica\",\"publisher\":{\"@id\":\"https:\/\/vrtec-litija.si\/ribica\/#organization\"},\"potentialAction\":[{\"@type\":\"SearchAction\",\"target\":{\"@type\":\"EntryPoint\",\"urlTemplate\":\"https:\/\/vrtec-litija.si\/ribica\/?s={search_term_string}\"},\"query-input\":\"required name=search_term_string\"}],\"inLanguage\":\"sl-SI\"},{\"@type\":\"Organization\",\"@id\":\"https:\/\/vrtec-litija.si\/ribica\/#organization\",\"name\":\"Vrtec Litija - Enota Ribica\",\"url\":\"https:\/\/vrtec-litija.si\/ribica\/\",\"logo\":{\"@type\":\"ImageObject\",\"inLanguage\":\"sl-SI\",\"@id\":\"https:\/\/vrtec-litija.si\/ribica\/#\/schema\/logo\/image\/\",\"url\":\"https:\/\/vrtec-litija.si\/ribica\/wp-content\/uploads\/sites\/9\/2021\/01\/vrtec-litija-logo.png\",\"contentUrl\":\"https:\/\/vrtec-litija.si\/ribica\/wp-content\/uploads\/sites\/9\/2021\/01\/vrtec-litija-logo.png\",\"width\":300,\"height\":298,\"caption\":\"Vrtec Litija - Enota Ribica\"},\"image\":{\"@id\":\"https:\/\/vrtec-litija.si\/ribica\/#\/schema\/logo\/image\/\"}},{\"@type\":\"Person\",\"@id\":\"https:\/\/vrtec-litija.si\/ribica\/#\/schema\/person\/7384f74aac2217bdec8ceda4a6979179\",\"name\":\"lili\",\"image\":{\"@type\":\"ImageObject\",\"inLanguage\":\"sl-SI\",\"@id\":\"https:\/\/vrtec-litija.si\/ribica\/#\/schema\/person\/image\/\",\"url\":\"https:\/\/secure.gravatar.com\/avatar\/9cf7165b98198daa2da9c8364c942526?s=96&d=mm&r=g\",\"contentUrl\":\"https:\/\/secure.gravatar.com\/avatar\/9cf7165b98198daa2da9c8364c942526?s=96&d=mm&r=g\",\"caption\":\"lili\"},\"url\":\"https:\/\/vrtec-litija.si\/ribica\/author\/lili\/\"}]}<\/script>\n<!-- \/ Yoast SEO plugin. -->","yoast_head_json":{"title":"Teden slovenske hrane v enoti Ribica - Enota Ribica","robots":{"index":"index","follow":"follow","max-snippet":"max-snippet:-1","max-image-preview":"max-image-preview:large","max-video-preview":"max-video-preview:-1"},"canonical":"https:\/\/vrtec-litija.si\/ribica\/novice\/teden-slovenske-hrane-v-enoti-ribica\/","og_locale":"sl_SI","og_type":"article","og_title":"Teden slovenske hrane v enoti Ribica - Enota Ribica","og_description":"V preteklem tednu smo v na\u0161em vrtcu obele\u017eili Teden slovenske hrane, osrednji dogodek pa je bil Tradicionalni slovenski zajtrk, ki smo ga izvedli v petek, 15. novembra. Otrokom smo skozi razli\u010dne dejavnosti pribli\u017eali pomen lokalno pridelane hrane, kot so kruh, maslo, med, mleko in jabolka.&nbsp; Skozi cel teden smo ozave\u0161\u010dali otroke o pomenu doma\u010de pridelave, ...","og_url":"https:\/\/vrtec-litija.si\/ribica\/novice\/teden-slovenske-hrane-v-enoti-ribica\/","og_site_name":"Enota Ribica","article_published_time":"2024-11-20T06:08:58+00:00","article_modified_time":"2024-11-20T06:44:21+00:00","author":"lili","twitter_card":"summary_large_image","twitter_misc":{"Written by":"lili","Est. reading time":"2 minuti"},"schema":{"@context":"https:\/\/schema.org","@graph":[{"@type":"Article","@id":"https:\/\/vrtec-litija.si\/ribica\/novice\/teden-slovenske-hrane-v-enoti-ribica\/#article","isPartOf":{"@id":"https:\/\/vrtec-litija.si\/ribica\/novice\/teden-slovenske-hrane-v-enoti-ribica\/"},"author":{"name":"lili","@id":"https:\/\/vrtec-litija.si\/ribica\/#\/schema\/person\/7384f74aac2217bdec8ceda4a6979179"},"headline":"Teden slovenske hrane v enoti Ribica","datePublished":"2024-11-20T06:08:58+00:00","dateModified":"2024-11-20T06:44:21+00:00","mainEntityOfPage":{"@id":"https:\/\/vrtec-litija.si\/ribica\/novice\/teden-slovenske-hrane-v-enoti-ribica\/"},"wordCount":301,"commentCount":0,"publisher":{"@id":"https:\/\/vrtec-litija.si\/ribica\/#organization"},"articleSection":["Novice"],"inLanguage":"sl-SI","potentialAction":[{"@type":"CommentAction","name":"Comment","target":["https:\/\/vrtec-litija.si\/ribica\/novice\/teden-slovenske-hrane-v-enoti-ribica\/#respond"]}]},{"@type":"WebPage","@id":"https:\/\/vrtec-litija.si\/ribica\/novice\/teden-slovenske-hrane-v-enoti-ribica\/","url":"https:\/\/vrtec-litija.si\/ribica\/novice\/teden-slovenske-hrane-v-enoti-ribica\/","name":"Teden slovenske hrane v enoti Ribica - Enota Ribica","isPartOf":{"@id":"https:\/\/vrtec-litija.si\/ribica\/#website"},"datePublished":"2024-11-20T06:08:58+00:00","dateModified":"2024-11-20T06:44:21+00:00","breadcrumb":{"@id":"https:\/\/vrtec-litija.si\/ribica\/novice\/teden-slovenske-hrane-v-enoti-ribica\/#breadcrumb"},"inLanguage":"sl-SI","potentialAction":[{"@type":"ReadAction","target":["https:\/\/vrtec-litija.si\/ribica\/novice\/teden-slovenske-hrane-v-enoti-ribica\/"]}]},{"@type":"BreadcrumbList","@id":"https:\/\/vrtec-litija.si\/ribica\/novice\/teden-slovenske-hrane-v-enoti-ribica\/#breadcrumb","itemListElement":[{"@type":"ListItem","position":1,"name":"Novice","item":"https:\/\/vrtec-litija.si\/ribica\/category\/novice\/"},{"@type":"ListItem","position":2,"name":"Teden slovenske hrane v enoti Ribica"}]},{"@type":"WebSite","@id":"https:\/\/vrtec-litija.si\/ribica\/#website","url":"https:\/\/vrtec-litija.si\/ribica\/","name":"Enota Ribica","description":"Vrtec Litija Ribica","publisher":{"@id":"https:\/\/vrtec-litija.si\/ribica\/#organization"},"potentialAction":[{"@type":"SearchAction","target":{"@type":"EntryPoint","urlTemplate":"https:\/\/vrtec-litija.si\/ribica\/?s={search_term_string}"},"query-input":"required name=search_term_string"}],"inLanguage":"sl-SI"},{"@type":"Organization","@id":"https:\/\/vrtec-litija.si\/ribica\/#organization","name":"Vrtec Litija - Enota Ribica","url":"https:\/\/vrtec-litija.si\/ribica\/","logo":{"@type":"ImageObject","inLanguage":"sl-SI","@id":"https:\/\/vrtec-litija.si\/ribica\/#\/schema\/logo\/image\/","url":"https:\/\/vrtec-litija.si\/ribica\/wp-content\/uploads\/sites\/9\/2021\/01\/vrtec-litija-logo.png","contentUrl":"https:\/\/vrtec-litija.si\/ribica\/wp-content\/uploads\/sites\/9\/2021\/01\/vrtec-litija-logo.png","width":300,"height":298,"caption":"Vrtec Litija - Enota Ribica"},"image":{"@id":"https:\/\/vrtec-litija.si\/ribica\/#\/schema\/logo\/image\/"}},{"@type":"Person","@id":"https:\/\/vrtec-litija.si\/ribica\/#\/schema\/person\/7384f74aac2217bdec8ceda4a6979179","name":"lili","image":{"@type":"ImageObject","inLanguage":"sl-SI","@id":"https:\/\/vrtec-litija.si\/ribica\/#\/schema\/person\/image\/","url":"https:\/\/secure.gravatar.com\/avatar\/9cf7165b98198daa2da9c8364c942526?s=96&d=mm&r=g","contentUrl":"https:\/\/secure.gravatar.com\/avatar\/9cf7165b98198daa2da9c8364c942526?s=96&d=mm&r=g","caption":"lili"},"url":"https:\/\/vrtec-litija.si\/ribica\/author\/lili\/"}]}},"_links":{"self":[{"href":"https:\/\/vrtec-litija.si\/ribica\/wp-json\/wp\/v2\/posts\/4775"}],"collection":[{"href":"https:\/\/vrtec-litija.si\/ribica\/wp-json\/wp\/v2\/posts"}],"about":[{"href":"https:\/\/vrtec-litija.si\/ribica\/wp-json\/wp\/v2\/types\/post"}],"author":[{"embeddable":true,"href":"https:\/\/vrtec-litija.si\/ribica\/wp-json\/wp\/v2\/users\/5"}],"replies":[{"embeddable":true,"href":"https:\/\/vrtec-litija.si\/ribica\/wp-json\/wp\/v2\/comments?post=4775"}],"version-history":[{"count":11,"href":"https:\/\/vrtec-litija.si\/ribica\/wp-json\/wp\/v2\/posts\/4775\/revisions"}],"predecessor-version":[{"id":4803,"href":"https:\/\/vrtec-litija.si\/ribica\/wp-json\/wp\/v2\/posts\/4775\/revisions\/4803"}],"wp:attachment":[{"href":"https:\/\/vrtec-litija.si\/ribica\/wp-json\/wp\/v2\/media?parent=4775"}],"wp:term":[{"taxonomy":"category","embeddable":true,"href":"https:\/\/vrtec-litija.si\/ribica\/wp-json\/wp\/v2\/categories?post=4775"},{"taxonomy":"post_tag","embeddable":true,"href":"https:\/\/vrtec-litija.si\/ribica\/wp-json\/wp\/v2\/tags?post=4775"}],"curies":[{"name":"wp","href":"https:\/\/api.w.org\/{rel}","templated":true}]}}