{"id":4680,"date":"2024-05-28T05:53:48","date_gmt":"2024-05-28T04:53:48","guid":{"rendered":"https:\/\/vrtec-litija.si\/ribica\/?p=4680"},"modified":"2024-05-28T09:26:22","modified_gmt":"2024-05-28T08:26:22","slug":"veselo-praznovanje-10-obletnice-enote-ribica","status":"publish","type":"post","link":"https:\/\/vrtec-litija.si\/ribica\/novice\/veselo-praznovanje-10-obletnice-enote-ribica\/","title":{"rendered":"Veselo praznovanje 10. obletnice enote Ribica"},"content":{"rendered":"\t\t<div data-elementor-type=\"wp-post\" data-elementor-id=\"4680\" class=\"elementor elementor-4680\">\n\t\t\t\t\t\t<div class=\"elementor-inner\">\n\t\t\t\t<div class=\"elementor-section-wrap\">\n\t\t\t\t\t\t\t\t\t<section class=\"elementor-section elementor-top-section elementor-element elementor-element-5ea09307 elementor-section-boxed elementor-section-height-default elementor-section-height-default\" data-id=\"5ea09307\" data-element_type=\"section\">\n\t\t\t\t\t\t<div class=\"elementor-container elementor-column-gap-default\">\n\t\t\t\t\t\t\t<div class=\"elementor-row\">\n\t\t\t\t\t<div class=\"elementor-column elementor-col-100 elementor-top-column elementor-element elementor-element-2d52337d\" data-id=\"2d52337d\" data-element_type=\"column\">\n\t\t\t<div class=\"elementor-column-wrap elementor-element-populated\">\n\t\t\t\t\t\t\t<div class=\"elementor-widget-wrap\">\n\t\t\t\t\t\t<div class=\"elementor-element elementor-element-2aba3db2 elementor-widget elementor-widget-text-editor\" data-id=\"2aba3db2\" data-element_type=\"widget\" data-widget_type=\"text-editor.default\">\n\t\t\t\t<div class=\"elementor-widget-container\">\n\t\t\t\t\t\t\t\t<div class=\"elementor-text-editor elementor-clearfix\">\n\t\t\t\t<!-- wp:paragraph -->\n<p>V torek, 21. maja 2024, smo v enoti Ribica Vrtca Litija praznovali pomembno prelomnico \u2013 10. obletnico obstoja na\u0161e enote. Dogodek je bil poseben trenutek, ko smo se ozrli nazaj na desetletje ljubezni, rasti in nepozabnih trenutkov, ki smo jih delili v na\u0161i enoti.\u00a0<\/p>\n<!-- \/wp:paragraph --><!-- wp:paragraph -->\n<p>Najprej bi se radi iskreno zahvalili ravnateljici Vrtca Litija, ga. Liljani Plaskan, za njeno neomajno podporo in vodenje, ki je omogo\u010dilo, da na\u0161a enota uspeva in raste. Posebno zahvalo namenjamo pod\u017eupanji ob\u010dine Litija, ga. Lijani Lov\u0161e in \u017eupanu ob\u010dine Litija, g. Franciju Rokavcu, za njuno nenehno podporo in zaupanje v na\u0161o vizijo. \u017dupan Franci Rokavec je s svojimi prizadevanji omogo\u010dil izgradnjo objekta in s tem prispeval k temu, da smo med prvimi otvorili zgradbo \u0160MELC, ji vdahnili \u017eivljenje in razigranost ter ustvarili okolje, kjer se otroci lahko varno razvijajo in rastejo. Brez njune podpore danes ne bi bili tukaj.\u00a0<\/p>\n<!-- \/wp:paragraph --><!-- wp:paragraph -->\n<p>Posebna zahvala gre tudi na\u0161im upokojenim delavkam, ki so s svojo predanostjo in trdim delom prispevale k temeljem, na katerih danes gradimo. Njihov trud in skrb za otroke sta neizmerno cenjena.\u00a0<\/p>\n<!-- \/wp:paragraph --><!-- wp:paragraph -->\n<p>Otroci so bili v sredi\u0161\u010du praznovanja! Ustvarjali so s \u010dopi\u010di na platna in izdelovali male ribice, kar je bil \u010dudovit na\u010din za izra\u017eanje njihove ustvarjalnosti in radosti. Ves dan je bil poln smeha, veselja in prijateljstva, kar je dodatno obogatilo vzdu\u0161je dogodka.\u00a0<\/p>\n<!-- \/wp:paragraph --><!-- wp:paragraph -->\n<p>Zadnjih deset let je bilo izjemno potovanje, polno izzivov, a tudi ne\u0161tetih sre\u010dnih trenutkov. Skupaj smo ustvarili varno in spodbudno okolje, kjer lahko na\u0161i najmlaj\u0161i rastejo in se razvijajo. Ponosni smo na vsak dose\u017eek na\u0161ih otrok in veseli smo, da smo lahko to posebno obletnico delili z vsemi prisotnimi.\u00a0<\/p>\n<!-- \/wp:paragraph --><!-- wp:paragraph -->\n<p>Posebno presene\u010denje je bilo sre\u010danje z maskoto Bojanom, ki je otroke razveselil s svojim obiskom. Bojan si je ogledal njihove \u010dudovite kreacije in vsakega obdaril z barvitimi baloni, kar je prineslo \u0161e ve\u010d veselja in smeha na prazni\u010dni dan. Zahvalili bi se podjetju Jub za njihovo velikodu\u0161no podporo, saj so z obiskom maskote in podarjenimi baloni dodatno prispevali k veselju in razigranosti na\u0161ega praznovanja.<\/p>\n<!-- \/wp:paragraph --><!-- wp:paragraph -->\n<p>Gostje so bili dele\u017eni tudi okusne pogostitve \u2013 u\u017eivali smo v pala\u010dinkah, sadju in osve\u017eilnih sokovih, kar je \u0161e dodatno prispevalo k prijetnemu vzdu\u0161ju.<\/p>\n<!-- \/wp:paragraph --><!-- wp:paragraph -->\n<p>Zahvaljujemo se vsem obiskovalcem \u2013 star\u0161em in otrokom, ravnateljici Vrtca Litija ga. Liljani Plaskan, pod\u017eupanji ob\u010dine Litija ga. Lijani Lov\u0161e, upokojenim delavkam in vsem zaposlenim, ki so nas obiskali in pripomogli k uspe\u0161nemu praznovanju.<\/p>\n<!-- \/wp:paragraph --><!-- wp:paragraph -->\n<p>Njihova prisotnost in podpora sta nam veliko pomenili.\u00a0Naj bo ta dan poln lepih spominov in naj nas opominja na to, kako pomembno je sodelovanje, prijateljstvo in skupnost.\u00a0<\/p>\n<!-- \/wp:paragraph --><!-- wp:paragraph -->\n<p>Luka Sterle, vodja enote<\/p>\n<p><strong><span style=\"text-decoration: underline;\"><a href=\"https:\/\/vrtec-litija.si\/ribica\/gallery\/10-obletnica-delovanja-enote-ribica\/\" target=\"_blank\" rel=\"noopener\">Fotografije<\/a><\/span><\/strong><\/p>\n<!-- \/wp:paragraph -->\t\t\t\t\t<\/div>\n\t\t\t\t\t\t<\/div>\n\t\t\t\t<\/div>\n\t\t\t\t\t\t<\/div>\n\t\t\t\t\t<\/div>\n\t\t<\/div>\n\t\t\t\t\t\t\t\t<\/div>\n\t\t\t\t\t<\/div>\n\t\t<\/section>\n\t\t\t\t\t\t\t\t\t<\/div>\n\t\t\t<\/div>\n\t\t\t\t\t<\/div>\n\t\t","protected":false},"excerpt":{"rendered":"V torek, 21. maja 2024, smo v enoti Ribica Vrtca Litija praznovali pomembno prelomnico \u2013 10. obletnico obstoja na\u0161e enote. Dogodek je bil poseben trenutek, ko smo se ozrli nazaj na desetletje ljubezni, rasti in nepozabnih trenutkov, ki smo jih delili v na\u0161i enoti.&nbsp; Najprej bi se radi iskreno zahvalili ravnateljici Vrtca Litija, ga. Liljani &#8230;","protected":false},"author":5,"featured_media":0,"comment_status":"open","ping_status":"open","sticky":false,"template":"","format":"standard","meta":[],"categories":[3],"tags":[],"yoast_head":"<!-- This site is optimized with the Yoast SEO plugin v20.6 - https:\/\/yoast.com\/wordpress\/plugins\/seo\/ -->\n<title>Veselo praznovanje 10. obletnice enote Ribica - Enota Ribica<\/title>\n<meta name=\"robots\" content=\"index, follow, max-snippet:-1, max-image-preview:large, max-video-preview:-1\" \/>\n<link rel=\"canonical\" href=\"https:\/\/vrtec-litija.si\/ribica\/novice\/veselo-praznovanje-10-obletnice-enote-ribica\/\" \/>\n<meta property=\"og:locale\" content=\"sl_SI\" \/>\n<meta property=\"og:type\" content=\"article\" \/>\n<meta property=\"og:title\" content=\"Veselo praznovanje 10. obletnice enote Ribica - Enota Ribica\" \/>\n<meta property=\"og:description\" content=\"V torek, 21. maja 2024, smo v enoti Ribica Vrtca Litija praznovali pomembno prelomnico \u2013 10. obletnico obstoja na\u0161e enote. Dogodek je bil poseben trenutek, ko smo se ozrli nazaj na desetletje ljubezni, rasti in nepozabnih trenutkov, ki smo jih delili v na\u0161i enoti.&nbsp; Najprej bi se radi iskreno zahvalili ravnateljici Vrtca Litija, ga. Liljani ...\" \/>\n<meta property=\"og:url\" content=\"https:\/\/vrtec-litija.si\/ribica\/novice\/veselo-praznovanje-10-obletnice-enote-ribica\/\" \/>\n<meta property=\"og:site_name\" content=\"Enota Ribica\" \/>\n<meta property=\"article:published_time\" content=\"2024-05-28T04:53:48+00:00\" \/>\n<meta property=\"article:modified_time\" content=\"2024-05-28T08:26:22+00:00\" \/>\n<meta name=\"author\" content=\"lili\" \/>\n<meta name=\"twitter:card\" content=\"summary_large_image\" \/>\n<meta name=\"twitter:label1\" content=\"Written by\" \/>\n\t<meta name=\"twitter:data1\" content=\"lili\" \/>\n<script type=\"application\/ld+json\" class=\"yoast-schema-graph\">{\"@context\":\"https:\/\/schema.org\",\"@graph\":[{\"@type\":\"Article\",\"@id\":\"https:\/\/vrtec-litija.si\/ribica\/novice\/veselo-praznovanje-10-obletnice-enote-ribica\/#article\",\"isPartOf\":{\"@id\":\"https:\/\/vrtec-litija.si\/ribica\/novice\/veselo-praznovanje-10-obletnice-enote-ribica\/\"},\"author\":{\"name\":\"lili\",\"@id\":\"https:\/\/vrtec-litija.si\/ribica\/#\/schema\/person\/7384f74aac2217bdec8ceda4a6979179\"},\"headline\":\"Veselo praznovanje 10. obletnice enote Ribica\",\"datePublished\":\"2024-05-28T04:53:48+00:00\",\"dateModified\":\"2024-05-28T08:26:22+00:00\",\"mainEntityOfPage\":{\"@id\":\"https:\/\/vrtec-litija.si\/ribica\/novice\/veselo-praznovanje-10-obletnice-enote-ribica\/\"},\"wordCount\":463,\"commentCount\":0,\"publisher\":{\"@id\":\"https:\/\/vrtec-litija.si\/ribica\/#organization\"},\"articleSection\":[\"Novice\"],\"inLanguage\":\"sl-SI\",\"potentialAction\":[{\"@type\":\"CommentAction\",\"name\":\"Comment\",\"target\":[\"https:\/\/vrtec-litija.si\/ribica\/novice\/veselo-praznovanje-10-obletnice-enote-ribica\/#respond\"]}]},{\"@type\":\"WebPage\",\"@id\":\"https:\/\/vrtec-litija.si\/ribica\/novice\/veselo-praznovanje-10-obletnice-enote-ribica\/\",\"url\":\"https:\/\/vrtec-litija.si\/ribica\/novice\/veselo-praznovanje-10-obletnice-enote-ribica\/\",\"name\":\"Veselo praznovanje 10. obletnice enote Ribica - Enota Ribica\",\"isPartOf\":{\"@id\":\"https:\/\/vrtec-litija.si\/ribica\/#website\"},\"datePublished\":\"2024-05-28T04:53:48+00:00\",\"dateModified\":\"2024-05-28T08:26:22+00:00\",\"breadcrumb\":{\"@id\":\"https:\/\/vrtec-litija.si\/ribica\/novice\/veselo-praznovanje-10-obletnice-enote-ribica\/#breadcrumb\"},\"inLanguage\":\"sl-SI\",\"potentialAction\":[{\"@type\":\"ReadAction\",\"target\":[\"https:\/\/vrtec-litija.si\/ribica\/novice\/veselo-praznovanje-10-obletnice-enote-ribica\/\"]}]},{\"@type\":\"BreadcrumbList\",\"@id\":\"https:\/\/vrtec-litija.si\/ribica\/novice\/veselo-praznovanje-10-obletnice-enote-ribica\/#breadcrumb\",\"itemListElement\":[{\"@type\":\"ListItem\",\"position\":1,\"name\":\"Novice\",\"item\":\"https:\/\/vrtec-litija.si\/ribica\/category\/novice\/\"},{\"@type\":\"ListItem\",\"position\":2,\"name\":\"Veselo praznovanje 10. obletnice enote Ribica\"}]},{\"@type\":\"WebSite\",\"@id\":\"https:\/\/vrtec-litija.si\/ribica\/#website\",\"url\":\"https:\/\/vrtec-litija.si\/ribica\/\",\"name\":\"Enota Ribica\",\"description\":\"Vrtec Litija Ribica\",\"publisher\":{\"@id\":\"https:\/\/vrtec-litija.si\/ribica\/#organization\"},\"potentialAction\":[{\"@type\":\"SearchAction\",\"target\":{\"@type\":\"EntryPoint\",\"urlTemplate\":\"https:\/\/vrtec-litija.si\/ribica\/?s={search_term_string}\"},\"query-input\":\"required name=search_term_string\"}],\"inLanguage\":\"sl-SI\"},{\"@type\":\"Organization\",\"@id\":\"https:\/\/vrtec-litija.si\/ribica\/#organization\",\"name\":\"Vrtec Litija - Enota Ribica\",\"url\":\"https:\/\/vrtec-litija.si\/ribica\/\",\"logo\":{\"@type\":\"ImageObject\",\"inLanguage\":\"sl-SI\",\"@id\":\"https:\/\/vrtec-litija.si\/ribica\/#\/schema\/logo\/image\/\",\"url\":\"https:\/\/vrtec-litija.si\/ribica\/wp-content\/uploads\/sites\/9\/2021\/01\/vrtec-litija-logo.png\",\"contentUrl\":\"https:\/\/vrtec-litija.si\/ribica\/wp-content\/uploads\/sites\/9\/2021\/01\/vrtec-litija-logo.png\",\"width\":300,\"height\":298,\"caption\":\"Vrtec Litija - Enota Ribica\"},\"image\":{\"@id\":\"https:\/\/vrtec-litija.si\/ribica\/#\/schema\/logo\/image\/\"}},{\"@type\":\"Person\",\"@id\":\"https:\/\/vrtec-litija.si\/ribica\/#\/schema\/person\/7384f74aac2217bdec8ceda4a6979179\",\"name\":\"lili\",\"image\":{\"@type\":\"ImageObject\",\"inLanguage\":\"sl-SI\",\"@id\":\"https:\/\/vrtec-litija.si\/ribica\/#\/schema\/person\/image\/\",\"url\":\"https:\/\/secure.gravatar.com\/avatar\/9cf7165b98198daa2da9c8364c942526?s=96&d=mm&r=g\",\"contentUrl\":\"https:\/\/secure.gravatar.com\/avatar\/9cf7165b98198daa2da9c8364c942526?s=96&d=mm&r=g\",\"caption\":\"lili\"},\"url\":\"https:\/\/vrtec-litija.si\/ribica\/author\/lili\/\"}]}<\/script>\n<!-- \/ Yoast SEO plugin. -->","yoast_head_json":{"title":"Veselo praznovanje 10. obletnice enote Ribica - Enota Ribica","robots":{"index":"index","follow":"follow","max-snippet":"max-snippet:-1","max-image-preview":"max-image-preview:large","max-video-preview":"max-video-preview:-1"},"canonical":"https:\/\/vrtec-litija.si\/ribica\/novice\/veselo-praznovanje-10-obletnice-enote-ribica\/","og_locale":"sl_SI","og_type":"article","og_title":"Veselo praznovanje 10. obletnice enote Ribica - Enota Ribica","og_description":"V torek, 21. maja 2024, smo v enoti Ribica Vrtca Litija praznovali pomembno prelomnico \u2013 10. obletnico obstoja na\u0161e enote. Dogodek je bil poseben trenutek, ko smo se ozrli nazaj na desetletje ljubezni, rasti in nepozabnih trenutkov, ki smo jih delili v na\u0161i enoti.&nbsp; Najprej bi se radi iskreno zahvalili ravnateljici Vrtca Litija, ga. Liljani ...","og_url":"https:\/\/vrtec-litija.si\/ribica\/novice\/veselo-praznovanje-10-obletnice-enote-ribica\/","og_site_name":"Enota Ribica","article_published_time":"2024-05-28T04:53:48+00:00","article_modified_time":"2024-05-28T08:26:22+00:00","author":"lili","twitter_card":"summary_large_image","twitter_misc":{"Written by":"lili"},"schema":{"@context":"https:\/\/schema.org","@graph":[{"@type":"Article","@id":"https:\/\/vrtec-litija.si\/ribica\/novice\/veselo-praznovanje-10-obletnice-enote-ribica\/#article","isPartOf":{"@id":"https:\/\/vrtec-litija.si\/ribica\/novice\/veselo-praznovanje-10-obletnice-enote-ribica\/"},"author":{"name":"lili","@id":"https:\/\/vrtec-litija.si\/ribica\/#\/schema\/person\/7384f74aac2217bdec8ceda4a6979179"},"headline":"Veselo praznovanje 10. obletnice enote Ribica","datePublished":"2024-05-28T04:53:48+00:00","dateModified":"2024-05-28T08:26:22+00:00","mainEntityOfPage":{"@id":"https:\/\/vrtec-litija.si\/ribica\/novice\/veselo-praznovanje-10-obletnice-enote-ribica\/"},"wordCount":463,"commentCount":0,"publisher":{"@id":"https:\/\/vrtec-litija.si\/ribica\/#organization"},"articleSection":["Novice"],"inLanguage":"sl-SI","potentialAction":[{"@type":"CommentAction","name":"Comment","target":["https:\/\/vrtec-litija.si\/ribica\/novice\/veselo-praznovanje-10-obletnice-enote-ribica\/#respond"]}]},{"@type":"WebPage","@id":"https:\/\/vrtec-litija.si\/ribica\/novice\/veselo-praznovanje-10-obletnice-enote-ribica\/","url":"https:\/\/vrtec-litija.si\/ribica\/novice\/veselo-praznovanje-10-obletnice-enote-ribica\/","name":"Veselo praznovanje 10. obletnice enote Ribica - Enota Ribica","isPartOf":{"@id":"https:\/\/vrtec-litija.si\/ribica\/#website"},"datePublished":"2024-05-28T04:53:48+00:00","dateModified":"2024-05-28T08:26:22+00:00","breadcrumb":{"@id":"https:\/\/vrtec-litija.si\/ribica\/novice\/veselo-praznovanje-10-obletnice-enote-ribica\/#breadcrumb"},"inLanguage":"sl-SI","potentialAction":[{"@type":"ReadAction","target":["https:\/\/vrtec-litija.si\/ribica\/novice\/veselo-praznovanje-10-obletnice-enote-ribica\/"]}]},{"@type":"BreadcrumbList","@id":"https:\/\/vrtec-litija.si\/ribica\/novice\/veselo-praznovanje-10-obletnice-enote-ribica\/#breadcrumb","itemListElement":[{"@type":"ListItem","position":1,"name":"Novice","item":"https:\/\/vrtec-litija.si\/ribica\/category\/novice\/"},{"@type":"ListItem","position":2,"name":"Veselo praznovanje 10. obletnice enote Ribica"}]},{"@type":"WebSite","@id":"https:\/\/vrtec-litija.si\/ribica\/#website","url":"https:\/\/vrtec-litija.si\/ribica\/","name":"Enota Ribica","description":"Vrtec Litija Ribica","publisher":{"@id":"https:\/\/vrtec-litija.si\/ribica\/#organization"},"potentialAction":[{"@type":"SearchAction","target":{"@type":"EntryPoint","urlTemplate":"https:\/\/vrtec-litija.si\/ribica\/?s={search_term_string}"},"query-input":"required name=search_term_string"}],"inLanguage":"sl-SI"},{"@type":"Organization","@id":"https:\/\/vrtec-litija.si\/ribica\/#organization","name":"Vrtec Litija - Enota Ribica","url":"https:\/\/vrtec-litija.si\/ribica\/","logo":{"@type":"ImageObject","inLanguage":"sl-SI","@id":"https:\/\/vrtec-litija.si\/ribica\/#\/schema\/logo\/image\/","url":"https:\/\/vrtec-litija.si\/ribica\/wp-content\/uploads\/sites\/9\/2021\/01\/vrtec-litija-logo.png","contentUrl":"https:\/\/vrtec-litija.si\/ribica\/wp-content\/uploads\/sites\/9\/2021\/01\/vrtec-litija-logo.png","width":300,"height":298,"caption":"Vrtec Litija - Enota Ribica"},"image":{"@id":"https:\/\/vrtec-litija.si\/ribica\/#\/schema\/logo\/image\/"}},{"@type":"Person","@id":"https:\/\/vrtec-litija.si\/ribica\/#\/schema\/person\/7384f74aac2217bdec8ceda4a6979179","name":"lili","image":{"@type":"ImageObject","inLanguage":"sl-SI","@id":"https:\/\/vrtec-litija.si\/ribica\/#\/schema\/person\/image\/","url":"https:\/\/secure.gravatar.com\/avatar\/9cf7165b98198daa2da9c8364c942526?s=96&d=mm&r=g","contentUrl":"https:\/\/secure.gravatar.com\/avatar\/9cf7165b98198daa2da9c8364c942526?s=96&d=mm&r=g","caption":"lili"},"url":"https:\/\/vrtec-litija.si\/ribica\/author\/lili\/"}]}},"_links":{"self":[{"href":"https:\/\/vrtec-litija.si\/ribica\/wp-json\/wp\/v2\/posts\/4680"}],"collection":[{"href":"https:\/\/vrtec-litija.si\/ribica\/wp-json\/wp\/v2\/posts"}],"about":[{"href":"https:\/\/vrtec-litija.si\/ribica\/wp-json\/wp\/v2\/types\/post"}],"author":[{"embeddable":true,"href":"https:\/\/vrtec-litija.si\/ribica\/wp-json\/wp\/v2\/users\/5"}],"replies":[{"embeddable":true,"href":"https:\/\/vrtec-litija.si\/ribica\/wp-json\/wp\/v2\/comments?post=4680"}],"version-history":[{"count":5,"href":"https:\/\/vrtec-litija.si\/ribica\/wp-json\/wp\/v2\/posts\/4680\/revisions"}],"predecessor-version":[{"id":4710,"href":"https:\/\/vrtec-litija.si\/ribica\/wp-json\/wp\/v2\/posts\/4680\/revisions\/4710"}],"wp:attachment":[{"href":"https:\/\/vrtec-litija.si\/ribica\/wp-json\/wp\/v2\/media?parent=4680"}],"wp:term":[{"taxonomy":"category","embeddable":true,"href":"https:\/\/vrtec-litija.si\/ribica\/wp-json\/wp\/v2\/categories?post=4680"},{"taxonomy":"post_tag","embeddable":true,"href":"https:\/\/vrtec-litija.si\/ribica\/wp-json\/wp\/v2\/tags?post=4680"}],"curies":[{"name":"wp","href":"https:\/\/api.w.org\/{rel}","templated":true}]}}