{"id":4648,"date":"2023-03-26T17:00:10","date_gmt":"2023-03-26T16:00:10","guid":{"rendered":"https:\/\/vrtec-litija.si\/ribica\/?p=4648"},"modified":"2023-03-26T17:07:22","modified_gmt":"2023-03-26T16:07:22","slug":"pomladna-delavnica-z-babicami-in-dedki","status":"publish","type":"post","link":"https:\/\/vrtec-litija.si\/ribica\/uncategorized\/pomladna-delavnica-z-babicami-in-dedki\/","title":{"rendered":"Pomladna delavnica z babicami in dedki"},"content":{"rendered":"\t\t<div data-elementor-type=\"wp-post\" data-elementor-id=\"4648\" class=\"elementor elementor-4648\">\n\t\t\t\t\t\t<div class=\"elementor-inner\">\n\t\t\t\t<div class=\"elementor-section-wrap\">\n\t\t\t\t\t\t\t\t\t<section class=\"elementor-section elementor-top-section elementor-element elementor-element-41bd34f1 elementor-section-boxed elementor-section-height-default elementor-section-height-default\" data-id=\"41bd34f1\" data-element_type=\"section\">\n\t\t\t\t\t\t<div class=\"elementor-container elementor-column-gap-default\">\n\t\t\t\t\t\t\t<div class=\"elementor-row\">\n\t\t\t\t\t<div class=\"elementor-column elementor-col-100 elementor-top-column elementor-element elementor-element-5ed29dce\" data-id=\"5ed29dce\" data-element_type=\"column\">\n\t\t\t<div class=\"elementor-column-wrap elementor-element-populated\">\n\t\t\t\t\t\t\t<div class=\"elementor-widget-wrap\">\n\t\t\t\t\t\t<div class=\"elementor-element elementor-element-299fcc32 elementor-widget elementor-widget-text-editor\" data-id=\"299fcc32\" data-element_type=\"widget\" data-widget_type=\"text-editor.default\">\n\t\t\t\t<div class=\"elementor-widget-container\">\n\t\t\t\t\t\t\t\t<div class=\"elementor-text-editor elementor-clearfix\">\n\t\t\t\t<!-- wp:paragraph -->\n<p>Babice in dedki do svojih vnukov gojijo posebno ljubezen. Prepleta se mo\u010dna in \u010dudovita vez. Da bi to vez \u0161e bolj utrdili smo v sredo, 22. 3. 2023, v enoti Ribica izvedli pomladno sre\u010danje.<br \/>Babice in dedke smo z otroki povabili na ustvarjalno pomladno delavnico, na katero so se presenetljivo in pohvalno udele\u017eili v zelo velikem \u0161tevilu.<br \/>Skupaj smo izdelovali pomladno dekoracijo-lovilce pomladi. Na rumeni papir so naredili obris otro\u0161kih rok, obro\u010de ovili s krep papirjem, z izsekovalniki so iz barvnega papirja izrezali ro\u017ee, na koncu pa \u0161e prepletali obro\u010d z volno.<br \/>Na delavnici je bilo prav pozitivno vzdu\u0161je. Motivacija otrok ter starih star\u0161ev je bila zelo mo\u010dna. Izdelali so zelo lepe izdelke, ki smo jih skupaj izobesili v na\u0161e skupne prostore.<br \/>Na koncu smo pomladno delavnico \u0161e popestrili s toplim \u010dajem in sladkimi pi\u0161koti. Pi\u0161kote so pripravili otroci prav za to posebno prilo\u017enost. \u00a0<br \/>Zelo lepo je bilo videti nasmejane, spro\u0161\u010dene in razigrane otroke, saj je bil za njih prav poseben dan.<br \/><br \/>Dedkom in babicam se zahvaljujemo za udele\u017ebo v tako velikem \u0161tevilu ter za vse spodbudne besede in nasmehe. Z otroki pa smo sklenili, da jih bomo z veseljem \u0161e kdaj povabili v vrtec.<\/p>\n<p><strong><span style=\"text-decoration: underline;\"><a href=\"https:\/\/vrtec-litija.si\/ribica\/gallery\/pomladna-delavnica-z-babicami-in-dedki\/\" target=\"_blank\" rel=\"noopener\">TUKAJ<\/a><\/span><\/strong> si lahko pogledate nekaj foto utrinkov.<\/p>\n<!-- \/wp:paragraph --><!-- wp:paragraph -->\n<p style=\"text-align: right;\">Larisa Zuki\u0107<\/p>\n<!-- \/wp:paragraph -->\t\t\t\t\t<\/div>\n\t\t\t\t\t\t<\/div>\n\t\t\t\t<\/div>\n\t\t\t\t\t\t<\/div>\n\t\t\t\t\t<\/div>\n\t\t<\/div>\n\t\t\t\t\t\t\t\t<\/div>\n\t\t\t\t\t<\/div>\n\t\t<\/section>\n\t\t\t\t\t\t\t\t\t<\/div>\n\t\t\t<\/div>\n\t\t\t\t\t<\/div>\n\t\t","protected":false},"excerpt":{"rendered":"Babice in dedki do svojih vnukov gojijo posebno ljubezen. Prepleta se mo\u010dna in \u010dudovita vez. Da bi to vez \u0161e bolj utrdili smo v sredo, 22. 3. 2023, v enoti Ribica izvedli pomladno sre\u010danje.Babice in dedke smo z otroki povabili na ustvarjalno pomladno delavnico, na katero so se presenetljivo in pohvalno udele\u017eili v zelo velikem &#8230;","protected":false},"author":5,"featured_media":0,"comment_status":"open","ping_status":"open","sticky":false,"template":"","format":"standard","meta":[],"categories":[1],"tags":[],"yoast_head":"<!-- This site is optimized with the Yoast SEO plugin v20.6 - https:\/\/yoast.com\/wordpress\/plugins\/seo\/ -->\n<title>Pomladna delavnica z babicami in dedki - Enota Ribica<\/title>\n<meta name=\"robots\" content=\"index, follow, max-snippet:-1, max-image-preview:large, max-video-preview:-1\" \/>\n<link rel=\"canonical\" href=\"https:\/\/vrtec-litija.si\/ribica\/uncategorized\/pomladna-delavnica-z-babicami-in-dedki\/\" \/>\n<meta property=\"og:locale\" content=\"sl_SI\" \/>\n<meta property=\"og:type\" content=\"article\" \/>\n<meta property=\"og:title\" content=\"Pomladna delavnica z babicami in dedki - Enota Ribica\" \/>\n<meta property=\"og:description\" content=\"Babice in dedki do svojih vnukov gojijo posebno ljubezen. Prepleta se mo\u010dna in \u010dudovita vez. Da bi to vez \u0161e bolj utrdili smo v sredo, 22. 3. 2023, v enoti Ribica izvedli pomladno sre\u010danje.Babice in dedke smo z otroki povabili na ustvarjalno pomladno delavnico, na katero so se presenetljivo in pohvalno udele\u017eili v zelo velikem ...\" \/>\n<meta property=\"og:url\" content=\"https:\/\/vrtec-litija.si\/ribica\/uncategorized\/pomladna-delavnica-z-babicami-in-dedki\/\" \/>\n<meta property=\"og:site_name\" content=\"Enota Ribica\" \/>\n<meta property=\"article:published_time\" content=\"2023-03-26T16:00:10+00:00\" \/>\n<meta property=\"article:modified_time\" content=\"2023-03-26T16:07:22+00:00\" \/>\n<meta name=\"author\" content=\"lili\" \/>\n<meta name=\"twitter:card\" content=\"summary_large_image\" \/>\n<meta name=\"twitter:label1\" content=\"Written by\" \/>\n\t<meta name=\"twitter:data1\" content=\"lili\" \/>\n\t<meta name=\"twitter:label2\" content=\"Est. reading time\" \/>\n\t<meta name=\"twitter:data2\" content=\"1 minuta\" \/>\n<script type=\"application\/ld+json\" class=\"yoast-schema-graph\">{\"@context\":\"https:\/\/schema.org\",\"@graph\":[{\"@type\":\"Article\",\"@id\":\"https:\/\/vrtec-litija.si\/ribica\/uncategorized\/pomladna-delavnica-z-babicami-in-dedki\/#article\",\"isPartOf\":{\"@id\":\"https:\/\/vrtec-litija.si\/ribica\/uncategorized\/pomladna-delavnica-z-babicami-in-dedki\/\"},\"author\":{\"name\":\"lili\",\"@id\":\"https:\/\/vrtec-litija.si\/ribica\/#\/schema\/person\/7384f74aac2217bdec8ceda4a6979179\"},\"headline\":\"Pomladna delavnica z babicami in dedki\",\"datePublished\":\"2023-03-26T16:00:10+00:00\",\"dateModified\":\"2023-03-26T16:07:22+00:00\",\"mainEntityOfPage\":{\"@id\":\"https:\/\/vrtec-litija.si\/ribica\/uncategorized\/pomladna-delavnica-z-babicami-in-dedki\/\"},\"wordCount\":223,\"commentCount\":0,\"publisher\":{\"@id\":\"https:\/\/vrtec-litija.si\/ribica\/#organization\"},\"articleSection\":[\"Uncategorized\"],\"inLanguage\":\"sl-SI\",\"potentialAction\":[{\"@type\":\"CommentAction\",\"name\":\"Comment\",\"target\":[\"https:\/\/vrtec-litija.si\/ribica\/uncategorized\/pomladna-delavnica-z-babicami-in-dedki\/#respond\"]}]},{\"@type\":\"WebPage\",\"@id\":\"https:\/\/vrtec-litija.si\/ribica\/uncategorized\/pomladna-delavnica-z-babicami-in-dedki\/\",\"url\":\"https:\/\/vrtec-litija.si\/ribica\/uncategorized\/pomladna-delavnica-z-babicami-in-dedki\/\",\"name\":\"Pomladna delavnica z babicami in dedki - Enota Ribica\",\"isPartOf\":{\"@id\":\"https:\/\/vrtec-litija.si\/ribica\/#website\"},\"datePublished\":\"2023-03-26T16:00:10+00:00\",\"dateModified\":\"2023-03-26T16:07:22+00:00\",\"breadcrumb\":{\"@id\":\"https:\/\/vrtec-litija.si\/ribica\/uncategorized\/pomladna-delavnica-z-babicami-in-dedki\/#breadcrumb\"},\"inLanguage\":\"sl-SI\",\"potentialAction\":[{\"@type\":\"ReadAction\",\"target\":[\"https:\/\/vrtec-litija.si\/ribica\/uncategorized\/pomladna-delavnica-z-babicami-in-dedki\/\"]}]},{\"@type\":\"BreadcrumbList\",\"@id\":\"https:\/\/vrtec-litija.si\/ribica\/uncategorized\/pomladna-delavnica-z-babicami-in-dedki\/#breadcrumb\",\"itemListElement\":[{\"@type\":\"ListItem\",\"position\":1,\"name\":\"Uncategorized\",\"item\":\"https:\/\/vrtec-litija.si\/ribica\/category\/uncategorized\/\"},{\"@type\":\"ListItem\",\"position\":2,\"name\":\"Pomladna delavnica z babicami in dedki\"}]},{\"@type\":\"WebSite\",\"@id\":\"https:\/\/vrtec-litija.si\/ribica\/#website\",\"url\":\"https:\/\/vrtec-litija.si\/ribica\/\",\"name\":\"Enota Ribica\",\"description\":\"Vrtec Litija Ribica\",\"publisher\":{\"@id\":\"https:\/\/vrtec-litija.si\/ribica\/#organization\"},\"potentialAction\":[{\"@type\":\"SearchAction\",\"target\":{\"@type\":\"EntryPoint\",\"urlTemplate\":\"https:\/\/vrtec-litija.si\/ribica\/?s={search_term_string}\"},\"query-input\":\"required name=search_term_string\"}],\"inLanguage\":\"sl-SI\"},{\"@type\":\"Organization\",\"@id\":\"https:\/\/vrtec-litija.si\/ribica\/#organization\",\"name\":\"Vrtec Litija - Enota Ribica\",\"url\":\"https:\/\/vrtec-litija.si\/ribica\/\",\"logo\":{\"@type\":\"ImageObject\",\"inLanguage\":\"sl-SI\",\"@id\":\"https:\/\/vrtec-litija.si\/ribica\/#\/schema\/logo\/image\/\",\"url\":\"https:\/\/vrtec-litija.si\/ribica\/wp-content\/uploads\/sites\/9\/2021\/01\/vrtec-litija-logo.png\",\"contentUrl\":\"https:\/\/vrtec-litija.si\/ribica\/wp-content\/uploads\/sites\/9\/2021\/01\/vrtec-litija-logo.png\",\"width\":300,\"height\":298,\"caption\":\"Vrtec Litija - Enota Ribica\"},\"image\":{\"@id\":\"https:\/\/vrtec-litija.si\/ribica\/#\/schema\/logo\/image\/\"}},{\"@type\":\"Person\",\"@id\":\"https:\/\/vrtec-litija.si\/ribica\/#\/schema\/person\/7384f74aac2217bdec8ceda4a6979179\",\"name\":\"lili\",\"image\":{\"@type\":\"ImageObject\",\"inLanguage\":\"sl-SI\",\"@id\":\"https:\/\/vrtec-litija.si\/ribica\/#\/schema\/person\/image\/\",\"url\":\"https:\/\/secure.gravatar.com\/avatar\/9cf7165b98198daa2da9c8364c942526?s=96&d=mm&r=g\",\"contentUrl\":\"https:\/\/secure.gravatar.com\/avatar\/9cf7165b98198daa2da9c8364c942526?s=96&d=mm&r=g\",\"caption\":\"lili\"},\"url\":\"https:\/\/vrtec-litija.si\/ribica\/author\/lili\/\"}]}<\/script>\n<!-- \/ Yoast SEO plugin. -->","yoast_head_json":{"title":"Pomladna delavnica z babicami in dedki - Enota Ribica","robots":{"index":"index","follow":"follow","max-snippet":"max-snippet:-1","max-image-preview":"max-image-preview:large","max-video-preview":"max-video-preview:-1"},"canonical":"https:\/\/vrtec-litija.si\/ribica\/uncategorized\/pomladna-delavnica-z-babicami-in-dedki\/","og_locale":"sl_SI","og_type":"article","og_title":"Pomladna delavnica z babicami in dedki - Enota Ribica","og_description":"Babice in dedki do svojih vnukov gojijo posebno ljubezen. Prepleta se mo\u010dna in \u010dudovita vez. Da bi to vez \u0161e bolj utrdili smo v sredo, 22. 3. 2023, v enoti Ribica izvedli pomladno sre\u010danje.Babice in dedke smo z otroki povabili na ustvarjalno pomladno delavnico, na katero so se presenetljivo in pohvalno udele\u017eili v zelo velikem ...","og_url":"https:\/\/vrtec-litija.si\/ribica\/uncategorized\/pomladna-delavnica-z-babicami-in-dedki\/","og_site_name":"Enota Ribica","article_published_time":"2023-03-26T16:00:10+00:00","article_modified_time":"2023-03-26T16:07:22+00:00","author":"lili","twitter_card":"summary_large_image","twitter_misc":{"Written by":"lili","Est. reading time":"1 minuta"},"schema":{"@context":"https:\/\/schema.org","@graph":[{"@type":"Article","@id":"https:\/\/vrtec-litija.si\/ribica\/uncategorized\/pomladna-delavnica-z-babicami-in-dedki\/#article","isPartOf":{"@id":"https:\/\/vrtec-litija.si\/ribica\/uncategorized\/pomladna-delavnica-z-babicami-in-dedki\/"},"author":{"name":"lili","@id":"https:\/\/vrtec-litija.si\/ribica\/#\/schema\/person\/7384f74aac2217bdec8ceda4a6979179"},"headline":"Pomladna delavnica z babicami in dedki","datePublished":"2023-03-26T16:00:10+00:00","dateModified":"2023-03-26T16:07:22+00:00","mainEntityOfPage":{"@id":"https:\/\/vrtec-litija.si\/ribica\/uncategorized\/pomladna-delavnica-z-babicami-in-dedki\/"},"wordCount":223,"commentCount":0,"publisher":{"@id":"https:\/\/vrtec-litija.si\/ribica\/#organization"},"articleSection":["Uncategorized"],"inLanguage":"sl-SI","potentialAction":[{"@type":"CommentAction","name":"Comment","target":["https:\/\/vrtec-litija.si\/ribica\/uncategorized\/pomladna-delavnica-z-babicami-in-dedki\/#respond"]}]},{"@type":"WebPage","@id":"https:\/\/vrtec-litija.si\/ribica\/uncategorized\/pomladna-delavnica-z-babicami-in-dedki\/","url":"https:\/\/vrtec-litija.si\/ribica\/uncategorized\/pomladna-delavnica-z-babicami-in-dedki\/","name":"Pomladna delavnica z babicami in dedki - Enota Ribica","isPartOf":{"@id":"https:\/\/vrtec-litija.si\/ribica\/#website"},"datePublished":"2023-03-26T16:00:10+00:00","dateModified":"2023-03-26T16:07:22+00:00","breadcrumb":{"@id":"https:\/\/vrtec-litija.si\/ribica\/uncategorized\/pomladna-delavnica-z-babicami-in-dedki\/#breadcrumb"},"inLanguage":"sl-SI","potentialAction":[{"@type":"ReadAction","target":["https:\/\/vrtec-litija.si\/ribica\/uncategorized\/pomladna-delavnica-z-babicami-in-dedki\/"]}]},{"@type":"BreadcrumbList","@id":"https:\/\/vrtec-litija.si\/ribica\/uncategorized\/pomladna-delavnica-z-babicami-in-dedki\/#breadcrumb","itemListElement":[{"@type":"ListItem","position":1,"name":"Uncategorized","item":"https:\/\/vrtec-litija.si\/ribica\/category\/uncategorized\/"},{"@type":"ListItem","position":2,"name":"Pomladna delavnica z babicami in dedki"}]},{"@type":"WebSite","@id":"https:\/\/vrtec-litija.si\/ribica\/#website","url":"https:\/\/vrtec-litija.si\/ribica\/","name":"Enota Ribica","description":"Vrtec Litija Ribica","publisher":{"@id":"https:\/\/vrtec-litija.si\/ribica\/#organization"},"potentialAction":[{"@type":"SearchAction","target":{"@type":"EntryPoint","urlTemplate":"https:\/\/vrtec-litija.si\/ribica\/?s={search_term_string}"},"query-input":"required name=search_term_string"}],"inLanguage":"sl-SI"},{"@type":"Organization","@id":"https:\/\/vrtec-litija.si\/ribica\/#organization","name":"Vrtec Litija - Enota Ribica","url":"https:\/\/vrtec-litija.si\/ribica\/","logo":{"@type":"ImageObject","inLanguage":"sl-SI","@id":"https:\/\/vrtec-litija.si\/ribica\/#\/schema\/logo\/image\/","url":"https:\/\/vrtec-litija.si\/ribica\/wp-content\/uploads\/sites\/9\/2021\/01\/vrtec-litija-logo.png","contentUrl":"https:\/\/vrtec-litija.si\/ribica\/wp-content\/uploads\/sites\/9\/2021\/01\/vrtec-litija-logo.png","width":300,"height":298,"caption":"Vrtec Litija - Enota Ribica"},"image":{"@id":"https:\/\/vrtec-litija.si\/ribica\/#\/schema\/logo\/image\/"}},{"@type":"Person","@id":"https:\/\/vrtec-litija.si\/ribica\/#\/schema\/person\/7384f74aac2217bdec8ceda4a6979179","name":"lili","image":{"@type":"ImageObject","inLanguage":"sl-SI","@id":"https:\/\/vrtec-litija.si\/ribica\/#\/schema\/person\/image\/","url":"https:\/\/secure.gravatar.com\/avatar\/9cf7165b98198daa2da9c8364c942526?s=96&d=mm&r=g","contentUrl":"https:\/\/secure.gravatar.com\/avatar\/9cf7165b98198daa2da9c8364c942526?s=96&d=mm&r=g","caption":"lili"},"url":"https:\/\/vrtec-litija.si\/ribica\/author\/lili\/"}]}},"_links":{"self":[{"href":"https:\/\/vrtec-litija.si\/ribica\/wp-json\/wp\/v2\/posts\/4648"}],"collection":[{"href":"https:\/\/vrtec-litija.si\/ribica\/wp-json\/wp\/v2\/posts"}],"about":[{"href":"https:\/\/vrtec-litija.si\/ribica\/wp-json\/wp\/v2\/types\/post"}],"author":[{"embeddable":true,"href":"https:\/\/vrtec-litija.si\/ribica\/wp-json\/wp\/v2\/users\/5"}],"replies":[{"embeddable":true,"href":"https:\/\/vrtec-litija.si\/ribica\/wp-json\/wp\/v2\/comments?post=4648"}],"version-history":[{"count":5,"href":"https:\/\/vrtec-litija.si\/ribica\/wp-json\/wp\/v2\/posts\/4648\/revisions"}],"predecessor-version":[{"id":4662,"href":"https:\/\/vrtec-litija.si\/ribica\/wp-json\/wp\/v2\/posts\/4648\/revisions\/4662"}],"wp:attachment":[{"href":"https:\/\/vrtec-litija.si\/ribica\/wp-json\/wp\/v2\/media?parent=4648"}],"wp:term":[{"taxonomy":"category","embeddable":true,"href":"https:\/\/vrtec-litija.si\/ribica\/wp-json\/wp\/v2\/categories?post=4648"},{"taxonomy":"post_tag","embeddable":true,"href":"https:\/\/vrtec-litija.si\/ribica\/wp-json\/wp\/v2\/tags?post=4648"}],"curies":[{"name":"wp","href":"https:\/\/api.w.org\/{rel}","templated":true}]}}