{"id":484,"date":"2017-05-09T12:38:07","date_gmt":"2017-05-09T12:38:07","guid":{"rendered":"http:\/\/www.vrtec-litija.si\/kekec\/?page_id=484"},"modified":"2021-01-13T14:35:16","modified_gmt":"2021-01-13T13:35:16","slug":"praznujmo-skupaj-na-savi","status":"publish","type":"post","link":"https:\/\/vrtec-litija.si\/kekec\/novice\/praznujmo-skupaj-na-savi\/","title":{"rendered":"&#8220;Praznujmo skupaj&#8221; na Savi"},"content":{"rendered":"<p>Vsako leto na Savi zdru\u017eijo mo\u010di Krajevni odbor Rde\u010dega kri\u017ea Sava, P\u0160 Sava in vrtec Kekec. Skupaj ustvarijo tradicionalno prireditev pod imenom Praznujmo skupaj. Prireditev je v prvi vrsti namenjena mamicam, babicam ter vsem pripadnicam ne\u017enej\u0161ega spola kot tudi vsem krajanom krajevnih skupnosti Sava in Spodnji Log. Prostovoljke KORK se vsako leto potrudijo z darilcem, lepimi mislimi in okusno pogostitvijo, u\u010diteljice in vzgojiteljice pa skupaj z otroki ustvarijo kulturni, velikokrat pou\u010dni in seveda zabavni program.<\/p>\n<p>Prireditev ima res pravi naslov: Praznujmo skupaj. Pove\u017eejo se razli\u010dne generacije, povezujemo se krajani dveh krajev. Dobro je, da so otroci \u017ee zgodaj vpeti v dogajanje dru\u017ebe okoli sebe, saj s tem izoblikujejo pozitivno pripadnost svojemu kraju.<\/p>\n<p>Velikokrat sem bila \u017ee prisotna na prireditvi, v razli\u010dnih vlogah, kot nastopajo\u010da, kot vzgojiteljica in zadnja leta kot mamica. Ta zadnja vloga mi je od vseh najbolj v\u0161e\u010d. Najlep\u0161a hvala za vse lepe misli in peciva, vendar je najlep\u0161e videti svojega otroka kako nastopa. Zato hvala vzgojiteljicam in u\u010diteljicam, ki vidijo kako pomembno je sodelovanje s krajem in ker se s tako resnostjo pripravijo na prireditev. In seveda pohvala KORK Sava za organizacijo in vztrajnost pri vsakoletni tradiciji.<\/p>\n<p style=\"text-align: right\">mamica Dunja<\/p>\n","protected":false},"excerpt":{"rendered":"Vsako leto na Savi zdru\u017eijo mo\u010di Krajevni odbor Rde\u010dega kri\u017ea Sava, P\u0160 Sava in vrtec Kekec. Skupaj ustvarijo tradicionalno prireditev pod imenom Praznujmo skupaj. Prireditev je v prvi vrsti namenjena mamicam, babicam ter vsem pripadnicam ne\u017enej\u0161ega spola kot tudi vsem krajanom krajevnih skupnosti Sava in Spodnji Log. Prostovoljke KORK se vsako leto potrudijo z darilcem, &#8230;","protected":false},"author":1,"featured_media":0,"comment_status":"closed","ping_status":"open","sticky":false,"template":"","format":"standard","meta":[],"categories":[3],"tags":[],"yoast_head":"<!-- This site is optimized with the Yoast SEO plugin v20.6 - https:\/\/yoast.com\/wordpress\/plugins\/seo\/ -->\n<title>&quot;Praznujmo skupaj&quot; na Savi - Enota Kekec<\/title>\n<meta name=\"robots\" content=\"index, follow, max-snippet:-1, max-image-preview:large, max-video-preview:-1\" \/>\n<link rel=\"canonical\" href=\"https:\/\/vrtec-litija.si\/kekec\/novice\/praznujmo-skupaj-na-savi\/\" \/>\n<meta property=\"og:locale\" content=\"sl_SI\" \/>\n<meta property=\"og:type\" content=\"article\" \/>\n<meta property=\"og:title\" content=\"&quot;Praznujmo skupaj&quot; na Savi - Enota Kekec\" \/>\n<meta property=\"og:description\" content=\"Vsako leto na Savi zdru\u017eijo mo\u010di Krajevni odbor Rde\u010dega kri\u017ea Sava, P\u0160 Sava in vrtec Kekec. Skupaj ustvarijo tradicionalno prireditev pod imenom Praznujmo skupaj. Prireditev je v prvi vrsti namenjena mamicam, babicam ter vsem pripadnicam ne\u017enej\u0161ega spola kot tudi vsem krajanom krajevnih skupnosti Sava in Spodnji Log. Prostovoljke KORK se vsako leto potrudijo z darilcem, ...\" \/>\n<meta property=\"og:url\" content=\"https:\/\/vrtec-litija.si\/kekec\/novice\/praznujmo-skupaj-na-savi\/\" \/>\n<meta property=\"og:site_name\" content=\"Enota Kekec\" \/>\n<meta property=\"article:published_time\" content=\"2017-05-09T12:38:07+00:00\" \/>\n<meta property=\"article:modified_time\" content=\"2021-01-13T13:35:16+00:00\" \/>\n<meta name=\"author\" content=\"martin-admin@webtim.si\" \/>\n<meta name=\"twitter:card\" content=\"summary_large_image\" \/>\n<meta name=\"twitter:label1\" content=\"Written by\" \/>\n\t<meta name=\"twitter:data1\" content=\"martin-admin@webtim.si\" \/>\n\t<meta name=\"twitter:label2\" content=\"Est. reading time\" \/>\n\t<meta name=\"twitter:data2\" content=\"1 minuta\" \/>\n<script type=\"application\/ld+json\" class=\"yoast-schema-graph\">{\"@context\":\"https:\/\/schema.org\",\"@graph\":[{\"@type\":\"Article\",\"@id\":\"https:\/\/vrtec-litija.si\/kekec\/novice\/praznujmo-skupaj-na-savi\/#article\",\"isPartOf\":{\"@id\":\"https:\/\/vrtec-litija.si\/kekec\/novice\/praznujmo-skupaj-na-savi\/\"},\"author\":{\"name\":\"martin-admin@webtim.si\",\"@id\":\"https:\/\/vrtec-litija.si\/kekec\/#\/schema\/person\/7c2422274d2a17b022c9050e8344a9ba\"},\"headline\":\"&#8220;Praznujmo skupaj&#8221; na Savi\",\"datePublished\":\"2017-05-09T12:38:07+00:00\",\"dateModified\":\"2021-01-13T13:35:16+00:00\",\"mainEntityOfPage\":{\"@id\":\"https:\/\/vrtec-litija.si\/kekec\/novice\/praznujmo-skupaj-na-savi\/\"},\"wordCount\":213,\"publisher\":{\"@id\":\"https:\/\/vrtec-litija.si\/kekec\/#organization\"},\"articleSection\":[\"Novice\"],\"inLanguage\":\"sl-SI\"},{\"@type\":\"WebPage\",\"@id\":\"https:\/\/vrtec-litija.si\/kekec\/novice\/praznujmo-skupaj-na-savi\/\",\"url\":\"https:\/\/vrtec-litija.si\/kekec\/novice\/praznujmo-skupaj-na-savi\/\",\"name\":\"\\\"Praznujmo skupaj\\\" na Savi - Enota Kekec\",\"isPartOf\":{\"@id\":\"https:\/\/vrtec-litija.si\/kekec\/#website\"},\"datePublished\":\"2017-05-09T12:38:07+00:00\",\"dateModified\":\"2021-01-13T13:35:16+00:00\",\"breadcrumb\":{\"@id\":\"https:\/\/vrtec-litija.si\/kekec\/novice\/praznujmo-skupaj-na-savi\/#breadcrumb\"},\"inLanguage\":\"sl-SI\",\"potentialAction\":[{\"@type\":\"ReadAction\",\"target\":[\"https:\/\/vrtec-litija.si\/kekec\/novice\/praznujmo-skupaj-na-savi\/\"]}]},{\"@type\":\"BreadcrumbList\",\"@id\":\"https:\/\/vrtec-litija.si\/kekec\/novice\/praznujmo-skupaj-na-savi\/#breadcrumb\",\"itemListElement\":[{\"@type\":\"ListItem\",\"position\":1,\"name\":\"Novice\",\"item\":\"https:\/\/vrtec-litija.si\/kekec\/category\/novice\/\"},{\"@type\":\"ListItem\",\"position\":2,\"name\":\"&#8220;Praznujmo skupaj&#8221; na Savi\"}]},{\"@type\":\"WebSite\",\"@id\":\"https:\/\/vrtec-litija.si\/kekec\/#website\",\"url\":\"https:\/\/vrtec-litija.si\/kekec\/\",\"name\":\"Enota Kekec\",\"description\":\"Vrtec Litija Kekec\",\"publisher\":{\"@id\":\"https:\/\/vrtec-litija.si\/kekec\/#organization\"},\"potentialAction\":[{\"@type\":\"SearchAction\",\"target\":{\"@type\":\"EntryPoint\",\"urlTemplate\":\"https:\/\/vrtec-litija.si\/kekec\/?s={search_term_string}\"},\"query-input\":\"required name=search_term_string\"}],\"inLanguage\":\"sl-SI\"},{\"@type\":\"Organization\",\"@id\":\"https:\/\/vrtec-litija.si\/kekec\/#organization\",\"name\":\"Vrtec Litija - Enota Kekec\",\"url\":\"https:\/\/vrtec-litija.si\/kekec\/\",\"logo\":{\"@type\":\"ImageObject\",\"inLanguage\":\"sl-SI\",\"@id\":\"https:\/\/vrtec-litija.si\/kekec\/#\/schema\/logo\/image\/\",\"url\":\"https:\/\/vrtec-litija.si\/kekec\/wp-content\/uploads\/sites\/8\/2021\/01\/vrtec-litija-logo.png\",\"contentUrl\":\"https:\/\/vrtec-litija.si\/kekec\/wp-content\/uploads\/sites\/8\/2021\/01\/vrtec-litija-logo.png\",\"width\":300,\"height\":298,\"caption\":\"Vrtec Litija - Enota Kekec\"},\"image\":{\"@id\":\"https:\/\/vrtec-litija.si\/kekec\/#\/schema\/logo\/image\/\"}},{\"@type\":\"Person\",\"@id\":\"https:\/\/vrtec-litija.si\/kekec\/#\/schema\/person\/7c2422274d2a17b022c9050e8344a9ba\",\"name\":\"martin-admin@webtim.si\",\"image\":{\"@type\":\"ImageObject\",\"inLanguage\":\"sl-SI\",\"@id\":\"https:\/\/vrtec-litija.si\/kekec\/#\/schema\/person\/image\/\",\"url\":\"https:\/\/secure.gravatar.com\/avatar\/d7e48886745b864f206fd4ccf4a65bd9?s=96&d=mm&r=g\",\"contentUrl\":\"https:\/\/secure.gravatar.com\/avatar\/d7e48886745b864f206fd4ccf4a65bd9?s=96&d=mm&r=g\",\"caption\":\"martin-admin@webtim.si\"},\"sameAs\":[\"https:\/\/vrtec-litija.si\/\"],\"url\":\"https:\/\/vrtec-litija.si\/kekec\/author\/martinwebtim-si\/\"}]}<\/script>\n<!-- \/ Yoast SEO plugin. -->","yoast_head_json":{"title":"\"Praznujmo skupaj\" na Savi - Enota Kekec","robots":{"index":"index","follow":"follow","max-snippet":"max-snippet:-1","max-image-preview":"max-image-preview:large","max-video-preview":"max-video-preview:-1"},"canonical":"https:\/\/vrtec-litija.si\/kekec\/novice\/praznujmo-skupaj-na-savi\/","og_locale":"sl_SI","og_type":"article","og_title":"\"Praznujmo skupaj\" na Savi - Enota Kekec","og_description":"Vsako leto na Savi zdru\u017eijo mo\u010di Krajevni odbor Rde\u010dega kri\u017ea Sava, P\u0160 Sava in vrtec Kekec. Skupaj ustvarijo tradicionalno prireditev pod imenom Praznujmo skupaj. Prireditev je v prvi vrsti namenjena mamicam, babicam ter vsem pripadnicam ne\u017enej\u0161ega spola kot tudi vsem krajanom krajevnih skupnosti Sava in Spodnji Log. Prostovoljke KORK se vsako leto potrudijo z darilcem, ...","og_url":"https:\/\/vrtec-litija.si\/kekec\/novice\/praznujmo-skupaj-na-savi\/","og_site_name":"Enota Kekec","article_published_time":"2017-05-09T12:38:07+00:00","article_modified_time":"2021-01-13T13:35:16+00:00","author":"martin-admin@webtim.si","twitter_card":"summary_large_image","twitter_misc":{"Written by":"martin-admin@webtim.si","Est. reading time":"1 minuta"},"schema":{"@context":"https:\/\/schema.org","@graph":[{"@type":"Article","@id":"https:\/\/vrtec-litija.si\/kekec\/novice\/praznujmo-skupaj-na-savi\/#article","isPartOf":{"@id":"https:\/\/vrtec-litija.si\/kekec\/novice\/praznujmo-skupaj-na-savi\/"},"author":{"name":"martin-admin@webtim.si","@id":"https:\/\/vrtec-litija.si\/kekec\/#\/schema\/person\/7c2422274d2a17b022c9050e8344a9ba"},"headline":"&#8220;Praznujmo skupaj&#8221; na Savi","datePublished":"2017-05-09T12:38:07+00:00","dateModified":"2021-01-13T13:35:16+00:00","mainEntityOfPage":{"@id":"https:\/\/vrtec-litija.si\/kekec\/novice\/praznujmo-skupaj-na-savi\/"},"wordCount":213,"publisher":{"@id":"https:\/\/vrtec-litija.si\/kekec\/#organization"},"articleSection":["Novice"],"inLanguage":"sl-SI"},{"@type":"WebPage","@id":"https:\/\/vrtec-litija.si\/kekec\/novice\/praznujmo-skupaj-na-savi\/","url":"https:\/\/vrtec-litija.si\/kekec\/novice\/praznujmo-skupaj-na-savi\/","name":"\"Praznujmo skupaj\" na Savi - Enota Kekec","isPartOf":{"@id":"https:\/\/vrtec-litija.si\/kekec\/#website"},"datePublished":"2017-05-09T12:38:07+00:00","dateModified":"2021-01-13T13:35:16+00:00","breadcrumb":{"@id":"https:\/\/vrtec-litija.si\/kekec\/novice\/praznujmo-skupaj-na-savi\/#breadcrumb"},"inLanguage":"sl-SI","potentialAction":[{"@type":"ReadAction","target":["https:\/\/vrtec-litija.si\/kekec\/novice\/praznujmo-skupaj-na-savi\/"]}]},{"@type":"BreadcrumbList","@id":"https:\/\/vrtec-litija.si\/kekec\/novice\/praznujmo-skupaj-na-savi\/#breadcrumb","itemListElement":[{"@type":"ListItem","position":1,"name":"Novice","item":"https:\/\/vrtec-litija.si\/kekec\/category\/novice\/"},{"@type":"ListItem","position":2,"name":"&#8220;Praznujmo skupaj&#8221; na Savi"}]},{"@type":"WebSite","@id":"https:\/\/vrtec-litija.si\/kekec\/#website","url":"https:\/\/vrtec-litija.si\/kekec\/","name":"Enota Kekec","description":"Vrtec Litija Kekec","publisher":{"@id":"https:\/\/vrtec-litija.si\/kekec\/#organization"},"potentialAction":[{"@type":"SearchAction","target":{"@type":"EntryPoint","urlTemplate":"https:\/\/vrtec-litija.si\/kekec\/?s={search_term_string}"},"query-input":"required name=search_term_string"}],"inLanguage":"sl-SI"},{"@type":"Organization","@id":"https:\/\/vrtec-litija.si\/kekec\/#organization","name":"Vrtec Litija - Enota Kekec","url":"https:\/\/vrtec-litija.si\/kekec\/","logo":{"@type":"ImageObject","inLanguage":"sl-SI","@id":"https:\/\/vrtec-litija.si\/kekec\/#\/schema\/logo\/image\/","url":"https:\/\/vrtec-litija.si\/kekec\/wp-content\/uploads\/sites\/8\/2021\/01\/vrtec-litija-logo.png","contentUrl":"https:\/\/vrtec-litija.si\/kekec\/wp-content\/uploads\/sites\/8\/2021\/01\/vrtec-litija-logo.png","width":300,"height":298,"caption":"Vrtec Litija - Enota Kekec"},"image":{"@id":"https:\/\/vrtec-litija.si\/kekec\/#\/schema\/logo\/image\/"}},{"@type":"Person","@id":"https:\/\/vrtec-litija.si\/kekec\/#\/schema\/person\/7c2422274d2a17b022c9050e8344a9ba","name":"martin-admin@webtim.si","image":{"@type":"ImageObject","inLanguage":"sl-SI","@id":"https:\/\/vrtec-litija.si\/kekec\/#\/schema\/person\/image\/","url":"https:\/\/secure.gravatar.com\/avatar\/d7e48886745b864f206fd4ccf4a65bd9?s=96&d=mm&r=g","contentUrl":"https:\/\/secure.gravatar.com\/avatar\/d7e48886745b864f206fd4ccf4a65bd9?s=96&d=mm&r=g","caption":"martin-admin@webtim.si"},"sameAs":["https:\/\/vrtec-litija.si\/"],"url":"https:\/\/vrtec-litija.si\/kekec\/author\/martinwebtim-si\/"}]}},"_links":{"self":[{"href":"https:\/\/vrtec-litija.si\/kekec\/wp-json\/wp\/v2\/posts\/484"}],"collection":[{"href":"https:\/\/vrtec-litija.si\/kekec\/wp-json\/wp\/v2\/posts"}],"about":[{"href":"https:\/\/vrtec-litija.si\/kekec\/wp-json\/wp\/v2\/types\/post"}],"author":[{"embeddable":true,"href":"https:\/\/vrtec-litija.si\/kekec\/wp-json\/wp\/v2\/users\/1"}],"replies":[{"embeddable":true,"href":"https:\/\/vrtec-litija.si\/kekec\/wp-json\/wp\/v2\/comments?post=484"}],"version-history":[{"count":1,"href":"https:\/\/vrtec-litija.si\/kekec\/wp-json\/wp\/v2\/posts\/484\/revisions"}],"predecessor-version":[{"id":702,"href":"https:\/\/vrtec-litija.si\/kekec\/wp-json\/wp\/v2\/posts\/484\/revisions\/702"}],"wp:attachment":[{"href":"https:\/\/vrtec-litija.si\/kekec\/wp-json\/wp\/v2\/media?parent=484"}],"wp:term":[{"taxonomy":"category","embeddable":true,"href":"https:\/\/vrtec-litija.si\/kekec\/wp-json\/wp\/v2\/categories?post=484"},{"taxonomy":"post_tag","embeddable":true,"href":"https:\/\/vrtec-litija.si\/kekec\/wp-json\/wp\/v2\/tags?post=484"}],"curies":[{"name":"wp","href":"https:\/\/api.w.org\/{rel}","templated":true}]}}